{"id":1531,"date":"2022-06-09T07:27:21","date_gmt":"2022-06-09T10:27:21","guid":{"rendered":"https:\/\/blogs.correiobraziliense.com.br\/eixocapital\/?p=1531"},"modified":"2022-06-09T07:27:21","modified_gmt":"2022-06-09T10:27:21","slug":"ciro-nogueira-comanda-ataque-a-lula-nas-redes","status":"publish","type":"post","link":"https:\/\/blogs.correiobraziliense.com.br\/eixocapital\/2022\/06\/09\/ciro-nogueira-comanda-ataque-a-lula-nas-redes\/","title":{"rendered":"Ciro Nogueira comanda ataque a Lula nas redes"},"content":{"rendered":"<p><strong>Coluna Eixo Capital, por Ana Maria Campos<\/strong><\/p>\n<p>O ministro-chefe da Casa Civil, Ciro Nogueira, \u00e9 o grande cr\u00edtico do ex-presidente Lula entre os aliados do presidente Jair Bolsonaro. Ele tem usado as redes sociais para bater duro. Funciona como um incentivo para alimentar o \u00f3dio dos bolsonaristas ao petista. &#8220;Segundo as pesquisas, o governo Lula j\u00e1 tomou posse e j\u00e1 est\u00e1 governando. Segundo a realidade, o governo imagin\u00e1rio de Lula termina no dia da elei\u00e7\u00e3o, com a vit\u00f3ria do presidente Bolsonaro&#8221;, escreveu ontem. Ciro ataca a alian\u00e7a entre o petista e o vice na chapa, Geraldo Alckmin: &#8220;Chuchu com Lula: algum brasileiro algum dia j\u00e1 provou isso dai? Querem enfiar goela abaixo um prato que n\u00e3o \u00e9 do gosto do povo. \u00c9 por isso que o povo n\u00e3o vai engolir&#8221;. No \u00faltimo m\u00eas, foram 10 postagens no Twitter.<\/p>\n<h3>Quase 2 mil inscri\u00e7\u00f5es<\/h3>\n<p>O 1\u00ba Pr\u00eamio Candango de Literatura, lan\u00e7ado pela Secretaria de Cultura e Economia Criativa, fechou as inscri\u00e7\u00f5es com n\u00fameros surpreendentes. No total, 1.980 obras, sendo 15 de autores de Angola, 11 de Cabo Verde, 11 de Mo\u00e7ambique, 20 de Portugal e 1.874 do Brasil. S\u00e3o 525 romances, 673 de poesia e 302 contos. Dos autores inscritos, 1.107 s\u00e3o homens, 818 mulheres e 65 n\u00e3o declararam sexo. O resultado ser\u00e1 anunciado em 21 de setembro. O secret\u00e1rio de Cultura e Economia Criativa, Bartolomeu Rodrigues, comemorou a participa\u00e7\u00e3o feminina. Entre as 1.990 inscri\u00e7\u00f5es, 41% s\u00e3o escritoras.<\/p>\n<p><strong>Promo\u00e7\u00e3o por merecimento<\/strong><\/p>\n<p>O juiz de Direito Substituto de 2\u00ba Grau Carlos Pires Soares Neto foi eleito, pelo crit\u00e9rio do merecimento, para ocupar o cargo de desembargador do Tribunal de Justi\u00e7a do Distrito Federal e Territ\u00f3rios. O magistrado vai ocupar a vaga aberta com a aposentadoria da desembargadora Sandra De Santis. A vota\u00e7\u00e3o foi un\u00e2nime e n\u00e3o h\u00e1 data prevista para a posse do novo desembargador. Carlos Pires Soares Neto tomou posse como juiz de direito substituto do DF, abril de 1994, tendo sido promovido ao cargo de juiz de direito, em fevereiro de 1996.<\/p>\n","protected":false},"excerpt":{"rendered":"<p>O ministro-chefe da Casa Civil, Ciro Nogueira, \u00e9 o grande cr\u00edtico do ex-presidente Lula entre os aliados do presidente Jair Bolsonaro<\/p>\n","protected":false},"author":9,"featured_media":1532,"comment_status":"open","ping_status":"open","sticky":false,"template":"","format":"standard","meta":{"footnotes":""},"categories":[247],"tags":[324,530,433,531],"class_list":["post-1531","post","type-post","status-publish","format-standard","has-post-thumbnail","hentry","category-eixo-capital","tag-ciro-nogueira","tag-literatura","tag-lula","tag-redes-sociais"],"_links":{"self":[{"href":"https:\/\/blogs.correiobraziliense.com.br\/eixocapital\/wp-json\/wp\/v2\/posts\/1531","targetHints":{"allow":["GET"]}}],"collection":[{"href":"https:\/\/blogs.correiobraziliense.com.br\/eixocapital\/wp-json\/wp\/v2\/posts"}],"about":[{"href":"https:\/\/blogs.correiobraziliense.com.br\/eixocapital\/wp-json\/wp\/v2\/types\/post"}],"author":[{"embeddable":true,"href":"https:\/\/blogs.correiobraziliense.com.br\/eixocapital\/wp-json\/wp\/v2\/users\/9"}],"replies":[{"embeddable":true,"href":"https:\/\/blogs.correiobraziliense.com.br\/eixocapital\/wp-json\/wp\/v2\/comments?post=1531"}],"version-history":[{"count":1,"href":"https:\/\/blogs.correiobraziliense.com.br\/eixocapital\/wp-json\/wp\/v2\/posts\/1531\/revisions"}],"predecessor-version":[{"id":1533,"href":"https:\/\/blogs.correiobraziliense.com.br\/eixocapital\/wp-json\/wp\/v2\/posts\/1531\/revisions\/1533"}],"wp:featuredmedia":[{"embeddable":true,"href":"https:\/\/blogs.correiobraziliense.com.br\/eixocapital\/wp-json\/wp\/v2\/media\/1532"}],"wp:attachment":[{"href":"https:\/\/blogs.correiobraziliense.com.br\/eixocapital\/wp-json\/wp\/v2\/media?parent=1531"}],"wp:term":[{"taxonomy":"category","embeddable":true,"href":"https:\/\/blogs.correiobraziliense.com.br\/eixocapital\/wp-json\/wp\/v2\/categories?post=1531"},{"taxonomy":"post_tag","embeddable":true,"href":"https:\/\/blogs.correiobraziliense.com.br\/eixocapital\/wp-json\/wp\/v2\/tags?post=1531"}],"curies":[{"name":"wp","href":"https:\/\/api.w.org\/{rel}","templated":true}]}}