{"id":1517,"date":"2022-06-07T08:04:11","date_gmt":"2022-06-07T11:04:11","guid":{"rendered":"https:\/\/blogs.correiobraziliense.com.br\/eixocapital\/?p=1517"},"modified":"2022-06-07T08:04:11","modified_gmt":"2022-06-07T11:04:11","slug":"stj-manda-reavaliar-partilha-do-lucro-da-turne-legiao-urbana","status":"publish","type":"post","link":"https:\/\/blogs.correiobraziliense.com.br\/eixocapital\/2022\/06\/07\/stj-manda-reavaliar-partilha-do-lucro-da-turne-legiao-urbana\/","title":{"rendered":"STJ manda reavaliar partilha do lucro da turn\u00ea Legi\u00e3o Urbana"},"content":{"rendered":"<p><strong>Coluna Eixo Capital, por Ana Maria Campos<\/strong><\/p>\n<p>O STJ anulou uma decis\u00e3o de 2018 que determinou a partilha dos lucros da turn\u00ea comemorativa de 30 anos do disco Legi\u00e3o Urbana entre os m\u00fasicos da banda, o guitarrista Dado Villa Lobos e o baterista Marcelo Bonf\u00e1, e a produtora Legi\u00e3o Urbana Produ\u00e7\u00f5es Art\u00edsticas Ltda, de propriedade de Giuliano Mandredini, filho de Renato Russo. A briga \u00e9 antiga. H\u00e1 quatro anos, a 9\u00aa C\u00e2mara C\u00edvel do Tribunal de Justi\u00e7a do Rio de Janeiro entendeu que os ex-integrantes da banda n\u00e3o t\u00eam exclusividade na explora\u00e7\u00e3o da marca e fixou como um ter\u00e7o a parte dos lucros que seria cab\u00edvel \u00e0 produtora de Renato Russo. Com a decis\u00e3o do ministro Antonio Carlos Ferreira, o processo come\u00e7a de novo. Realizada em 2015, a turn\u00ea de 30 anos de Legi\u00e3o Urbana celebrou o primeiro disco da banda, que estreou sucessos como Ser\u00e1, Ainda \u00e9 cedo e Gera\u00e7\u00e3o Coca-Cola.<\/p>\n<h3>Anivers\u00e1rio junino<\/h3>\n<p>O vice-governador Paco Britto comemorou o anivers\u00e1rio com uma festa junina na Par\u00f3quia S\u00e3o Judas Tadeu, no \u00faltimo s\u00e1bado. Reuniu cerca de tr\u00eas mil pessoas, entre familiares, amigos e autoridades p\u00fablicas: secret\u00e1rios, conselheiros e l\u00edderes pol\u00edticos.<\/p>\n<p><strong>De Bras\u00edlia<br \/>\n<\/strong>Na propaganda nas redes sociais, Fl\u00e1via Arruda (PL) diz: &#8220;Eu sou de Bras\u00edlia. Eu conhe\u00e7o a cidade&#8221;. Alguma d\u00favida de que essa \u00e9 uma provoca\u00e7\u00e3o \u00e0 advers\u00e1ria Damares Alves (Republicanos) que chega, agora, na pol\u00edtica do DF?<\/p>\n<p><strong>De moto<br \/>\n<\/strong>Ap\u00f3s dois anos de pausa por conta da pandemia, o Capital Moto Week far\u00e1 a 17\u00b0 edi\u00e7\u00e3o de 21 a 30 de julho, no Parque de Exposi\u00e7\u00f5es da Granja do Torto. S\u00e3o esperadas 800 mil pessoas em 10 dias de programa\u00e7\u00e3o. Ontem, os organizadores do festival, Juliana Jacinto e Pedro Affonso Franco, entregaram convites personalizados ao governador Ibaneis Rocha e ao vice, Paco Britto, em agenda no Pal\u00e1cio do Buriti.<\/p>\n","protected":false},"excerpt":{"rendered":"<p>O STJ anulou decis\u00e3o que determinou a partilha dos lucros da turn\u00ea de 30 anos do disco Legi\u00e3o Urbana entre m\u00fasicos e a produtora do filho de Renato Russo<\/p>\n","protected":false},"author":9,"featured_media":1518,"comment_status":"open","ping_status":"open","sticky":false,"template":"","format":"standard","meta":{"footnotes":""},"categories":[247],"tags":[525,107,524],"class_list":["post-1517","post","type-post","status-publish","format-standard","has-post-thumbnail","hentry","category-eixo-capital","tag-capital-moto-week","tag-flavia-arruda","tag-legiao-urbana"],"_links":{"self":[{"href":"https:\/\/blogs.correiobraziliense.com.br\/eixocapital\/wp-json\/wp\/v2\/posts\/1517","targetHints":{"allow":["GET"]}}],"collection":[{"href":"https:\/\/blogs.correiobraziliense.com.br\/eixocapital\/wp-json\/wp\/v2\/posts"}],"about":[{"href":"https:\/\/blogs.correiobraziliense.com.br\/eixocapital\/wp-json\/wp\/v2\/types\/post"}],"author":[{"embeddable":true,"href":"https:\/\/blogs.correiobraziliense.com.br\/eixocapital\/wp-json\/wp\/v2\/users\/9"}],"replies":[{"embeddable":true,"href":"https:\/\/blogs.correiobraziliense.com.br\/eixocapital\/wp-json\/wp\/v2\/comments?post=1517"}],"version-history":[{"count":1,"href":"https:\/\/blogs.correiobraziliense.com.br\/eixocapital\/wp-json\/wp\/v2\/posts\/1517\/revisions"}],"predecessor-version":[{"id":1519,"href":"https:\/\/blogs.correiobraziliense.com.br\/eixocapital\/wp-json\/wp\/v2\/posts\/1517\/revisions\/1519"}],"wp:featuredmedia":[{"embeddable":true,"href":"https:\/\/blogs.correiobraziliense.com.br\/eixocapital\/wp-json\/wp\/v2\/media\/1518"}],"wp:attachment":[{"href":"https:\/\/blogs.correiobraziliense.com.br\/eixocapital\/wp-json\/wp\/v2\/media?parent=1517"}],"wp:term":[{"taxonomy":"category","embeddable":true,"href":"https:\/\/blogs.correiobraziliense.com.br\/eixocapital\/wp-json\/wp\/v2\/categories?post=1517"},{"taxonomy":"post_tag","embeddable":true,"href":"https:\/\/blogs.correiobraziliense.com.br\/eixocapital\/wp-json\/wp\/v2\/tags?post=1517"}],"curies":[{"name":"wp","href":"https:\/\/api.w.org\/{rel}","templated":true}]}}