{"id":1514,"date":"2022-06-07T07:59:33","date_gmt":"2022-06-07T10:59:33","guid":{"rendered":"https:\/\/blogs.correiobraziliense.com.br\/eixocapital\/?p=1514"},"modified":"2022-06-07T07:59:33","modified_gmt":"2022-06-07T10:59:33","slug":"ibaneis-bolsonaro-e-damares-unidos-pela-fe","status":"publish","type":"post","link":"https:\/\/blogs.correiobraziliense.com.br\/eixocapital\/2022\/06\/07\/ibaneis-bolsonaro-e-damares-unidos-pela-fe\/","title":{"rendered":"Ibaneis, Bolsonaro e Damares unidos pela f\u00e9"},"content":{"rendered":"<p><strong>Coluna Eixo Capital, por Ana Maria Campos<\/strong><\/p>\n<p>No \u00faltimo m\u00eas, o governador Ibaneis Rocha se dedicou a v\u00e1rios encontros e eventos religiosos das igrejas evang\u00e9lica e cat\u00f3lica. Esteve at\u00e9 em Goi\u00e2nia, na Conven\u00e7\u00e3o Nacional das Assembleias de Deus Minist\u00e9rio de Madureira (Conamad), ao lado do presidente Jair Bolsonaro. Hoje, a agenda de Ibaneis programa participa\u00e7\u00e3o na reuni\u00e3o geral de pastores e l\u00edderes do Conselho de Pastores Evang\u00e9licos do Distrito Federal (Copev-DF). \u00c9 uma super aposta nesse importante eleitorado.<\/p>\n<p>A primeira-dama, Mayara Noronha Rocha, secret\u00e1ria de Desenvolvimento Social do DF, tem ajudado nessa mensagem religiosa. Ela esteve em maio em Israel, em peregrina\u00e7\u00e3o na Terra Santa, ao lado da primeira-dama do Brasil, Michelle Bolsonaro, e da ex-ministra Damares Alves, que s\u00e3o &#8220;terrivelmente evang\u00e9licas&#8221;. No fim de semana, Mayara parabenizou a nomea\u00e7\u00e3o de Dom Paulo Cezar Costa como cardeal e postou uma foto do casal, com o filho, Mateus, recebendo uma ben\u00e7\u00e3o do papa Francisco.<\/p>\n","protected":false},"excerpt":{"rendered":"<p>No \u00faltimo m\u00eas, o governador Ibaneis Rocha se dedicou a v\u00e1rios encontros e eventos religiosos das igrejas evang\u00e9lica e cat\u00f3lica.<\/p>\n","protected":false},"author":9,"featured_media":1515,"comment_status":"open","ping_status":"open","sticky":false,"template":"","format":"standard","meta":{"footnotes":""},"categories":[247],"tags":[503,53,519],"class_list":["post-1514","post","type-post","status-publish","format-standard","has-post-thumbnail","hentry","category-eixo-capital","tag-damares-alves","tag-ibaneis-rocha","tag-jair-bolsonaro"],"_links":{"self":[{"href":"https:\/\/blogs.correiobraziliense.com.br\/eixocapital\/wp-json\/wp\/v2\/posts\/1514","targetHints":{"allow":["GET"]}}],"collection":[{"href":"https:\/\/blogs.correiobraziliense.com.br\/eixocapital\/wp-json\/wp\/v2\/posts"}],"about":[{"href":"https:\/\/blogs.correiobraziliense.com.br\/eixocapital\/wp-json\/wp\/v2\/types\/post"}],"author":[{"embeddable":true,"href":"https:\/\/blogs.correiobraziliense.com.br\/eixocapital\/wp-json\/wp\/v2\/users\/9"}],"replies":[{"embeddable":true,"href":"https:\/\/blogs.correiobraziliense.com.br\/eixocapital\/wp-json\/wp\/v2\/comments?post=1514"}],"version-history":[{"count":1,"href":"https:\/\/blogs.correiobraziliense.com.br\/eixocapital\/wp-json\/wp\/v2\/posts\/1514\/revisions"}],"predecessor-version":[{"id":1516,"href":"https:\/\/blogs.correiobraziliense.com.br\/eixocapital\/wp-json\/wp\/v2\/posts\/1514\/revisions\/1516"}],"wp:featuredmedia":[{"embeddable":true,"href":"https:\/\/blogs.correiobraziliense.com.br\/eixocapital\/wp-json\/wp\/v2\/media\/1515"}],"wp:attachment":[{"href":"https:\/\/blogs.correiobraziliense.com.br\/eixocapital\/wp-json\/wp\/v2\/media?parent=1514"}],"wp:term":[{"taxonomy":"category","embeddable":true,"href":"https:\/\/blogs.correiobraziliense.com.br\/eixocapital\/wp-json\/wp\/v2\/categories?post=1514"},{"taxonomy":"post_tag","embeddable":true,"href":"https:\/\/blogs.correiobraziliense.com.br\/eixocapital\/wp-json\/wp\/v2\/tags?post=1514"}],"curies":[{"name":"wp","href":"https:\/\/api.w.org\/{rel}","templated":true}]}}