{"id":151,"date":"2021-10-28T17:08:51","date_gmt":"2021-10-28T20:08:51","guid":{"rendered":"https:\/\/blogs.correiobraziliense.com.br\/eixocapital\/?p=151"},"modified":"2021-10-28T17:08:51","modified_gmt":"2021-10-28T20:08:51","slug":"ibaneis-quando-assumi-o-governo-em-2019-nao-existiam-projetos-para-a-cidade","status":"publish","type":"post","link":"https:\/\/blogs.correiobraziliense.com.br\/eixocapital\/2021\/10\/28\/ibaneis-quando-assumi-o-governo-em-2019-nao-existiam-projetos-para-a-cidade\/","title":{"rendered":"Ibaneis: \u201cQuando assumi o governo em 2019 n\u00e3o existiam projetos para a cidade\u201d"},"content":{"rendered":"<p>O governador Ibaneis Rocha (MDB) fez uma provoca\u00e7\u00e3o aos advers\u00e1rios que o antecederam em postagem hoje (28) no Twitter: \u201cQuando assumi\u00a0o governo em 2019 n\u00e3o existiam projetos para a cidade. Nem isso foi feito em gest\u00f5es passadas. E, agora, em quase 3 anos de governo, j\u00e1 vamos fechar 1.400 obras por todo o DF. Nunca foi por falta de recurso tamb\u00e9m, era falta de querer fazer\u201d.<\/p>\n<p>&nbsp;<\/p>\n<p>Ibaneis disse tamb\u00e9m que n\u00e3o governa sozinho. \u201cReafirmo que governar n\u00e3o \u00e9 obra de um homem s\u00f3, \u00e9 um conjunto de pessoas que trabalham unidas pela sociedade. \u00c9 isso que n\u00f3s temos\u201d, afirmou.<\/p>\n","protected":false},"excerpt":{"rendered":"<p>O governador Ibaneis Rocha (MDB) fez uma provoca\u00e7\u00e3o aos advers\u00e1rios que o antecederam em postagem hoje (28) no Twitter: \u201cQuando assumi\u00a0o governo em 2019 n\u00e3o existiam projetos para a cidade. Nem isso foi feito em gest\u00f5es passadas. E, agora, em quase 3 anos de governo, j\u00e1 vamos fechar 1.400 obras por todo o DF. Nunca foi por falta de recurso [&hellip;]<\/p>\n","protected":false},"author":9,"featured_media":152,"comment_status":"open","ping_status":"open","sticky":false,"template":"","format":"standard","meta":{"footnotes":""},"categories":[1],"tags":[83,29,84,82,6],"class_list":["post-151","post","type-post","status-publish","format-standard","has-post-thumbnail","hentry","category-sem-categoria","tag-adversarios","tag-eleicoes-2022","tag-equipe","tag-governo","tag-ibaneis"],"_links":{"self":[{"href":"https:\/\/blogs.correiobraziliense.com.br\/eixocapital\/wp-json\/wp\/v2\/posts\/151","targetHints":{"allow":["GET"]}}],"collection":[{"href":"https:\/\/blogs.correiobraziliense.com.br\/eixocapital\/wp-json\/wp\/v2\/posts"}],"about":[{"href":"https:\/\/blogs.correiobraziliense.com.br\/eixocapital\/wp-json\/wp\/v2\/types\/post"}],"author":[{"embeddable":true,"href":"https:\/\/blogs.correiobraziliense.com.br\/eixocapital\/wp-json\/wp\/v2\/users\/9"}],"replies":[{"embeddable":true,"href":"https:\/\/blogs.correiobraziliense.com.br\/eixocapital\/wp-json\/wp\/v2\/comments?post=151"}],"version-history":[{"count":1,"href":"https:\/\/blogs.correiobraziliense.com.br\/eixocapital\/wp-json\/wp\/v2\/posts\/151\/revisions"}],"predecessor-version":[{"id":153,"href":"https:\/\/blogs.correiobraziliense.com.br\/eixocapital\/wp-json\/wp\/v2\/posts\/151\/revisions\/153"}],"wp:featuredmedia":[{"embeddable":true,"href":"https:\/\/blogs.correiobraziliense.com.br\/eixocapital\/wp-json\/wp\/v2\/media\/152"}],"wp:attachment":[{"href":"https:\/\/blogs.correiobraziliense.com.br\/eixocapital\/wp-json\/wp\/v2\/media?parent=151"}],"wp:term":[{"taxonomy":"category","embeddable":true,"href":"https:\/\/blogs.correiobraziliense.com.br\/eixocapital\/wp-json\/wp\/v2\/categories?post=151"},{"taxonomy":"post_tag","embeddable":true,"href":"https:\/\/blogs.correiobraziliense.com.br\/eixocapital\/wp-json\/wp\/v2\/tags?post=151"}],"curies":[{"name":"wp","href":"https:\/\/api.w.org\/{rel}","templated":true}]}}