{"id":1509,"date":"2022-06-03T07:35:16","date_gmt":"2022-06-03T10:35:16","guid":{"rendered":"https:\/\/blogs.correiobraziliense.com.br\/eixocapital\/?p=1509"},"modified":"2022-06-03T07:35:16","modified_gmt":"2022-06-03T10:35:16","slug":"avanco-da-covid-acende-sinal-de-alerta-na-campanha-de-ibaneis","status":"publish","type":"post","link":"https:\/\/blogs.correiobraziliense.com.br\/eixocapital\/2022\/06\/03\/avanco-da-covid-acende-sinal-de-alerta-na-campanha-de-ibaneis\/","title":{"rendered":"Avan\u00e7o da covid acende sinal de alerta na campanha de Ibaneis"},"content":{"rendered":"<p><strong>Coluna Eixo Capital, por Ana Maria Campos<\/strong><\/p>\n<p>Tudo o que o governador Ibaneis Rocha (MDB) n\u00e3o quer neste momento \u00e9 perder o controle da covid-19 em plena v\u00e9spera do in\u00edcio da campanha eleitoral. Justo ele que tomou as primeiras medidas restritivas no in\u00edcio da pandemia que podem ter impedido uma prolifera\u00e7\u00e3o ainda maior do novo coronav\u00edrus. Por isso, ele est\u00e1 atento aos n\u00fameros. Mas<a href=\"https:\/\/www.correiobraziliense.com.br\/cidades-df\/2022\/06\/5012550-ibaneis-nao-pretende-retornar-a-obrigatoriedade-de-mascaras-no-df.html\"><strong> ainda n\u00e3o considera o momento de determinar a obrigatoriedade das m\u00e1scaras<\/strong><\/a>.<\/p>\n<p><strong>Cuidado<br \/>\n<\/strong>A covid-19 come\u00e7a a <a href=\"https:\/\/www.correiobraziliense.com.br\/cidades-df\/2022\/06\/5012409-df-registrou-55-dos-casos-de-covid-19-de-todo-o-pais-nesta-quarta.html\"><strong>ganhar for\u00e7a novamente<\/strong><\/a>. Muitas contamina\u00e7\u00f5es. Quem n\u00e3o conhece algu\u00e9m que se infectou nas \u00faltimas semanas? Fora os casos assintom\u00e1ticos ou que se confundem com gripes. Melhor coisa \u00e9 voltar a usar m\u00e1scaras e adotar cuidados pessoais, como t\u00eam advertido t\u00e9cnicos da \u00e1rea de sa\u00fade, mesmo sem a obriga\u00e7\u00e3o legal.<\/p>\n<p><strong>Positivo<br \/>\n<\/strong>Um dos que acabou infectado pela covid-19, depois de ter conseguido se desviar do v\u00edrus durante toda a pandemia, foi o superintendente regional do Sebrae, Valdir Oliveira. Ele testou positivo nesta semana. Mas est\u00e1 bem, em casa.<\/p>\n","protected":false},"excerpt":{"rendered":"<p>Tudo o que o governador Ibaneis Rocha (MDB) n\u00e3o quer neste momento \u00e9 perder o controle da covid-19 em plena v\u00e9spera do in\u00edcio da campanha eleitoral<\/p>\n","protected":false},"author":9,"featured_media":1418,"comment_status":"open","ping_status":"open","sticky":false,"template":"","format":"standard","meta":{"footnotes":""},"categories":[247],"tags":[122,29,53,2],"class_list":["post-1509","post","type-post","status-publish","format-standard","has-post-thumbnail","hentry","category-eixo-capital","tag-covid-19","tag-eleicoes-2022","tag-ibaneis-rocha","tag-pandemia"],"_links":{"self":[{"href":"https:\/\/blogs.correiobraziliense.com.br\/eixocapital\/wp-json\/wp\/v2\/posts\/1509","targetHints":{"allow":["GET"]}}],"collection":[{"href":"https:\/\/blogs.correiobraziliense.com.br\/eixocapital\/wp-json\/wp\/v2\/posts"}],"about":[{"href":"https:\/\/blogs.correiobraziliense.com.br\/eixocapital\/wp-json\/wp\/v2\/types\/post"}],"author":[{"embeddable":true,"href":"https:\/\/blogs.correiobraziliense.com.br\/eixocapital\/wp-json\/wp\/v2\/users\/9"}],"replies":[{"embeddable":true,"href":"https:\/\/blogs.correiobraziliense.com.br\/eixocapital\/wp-json\/wp\/v2\/comments?post=1509"}],"version-history":[{"count":1,"href":"https:\/\/blogs.correiobraziliense.com.br\/eixocapital\/wp-json\/wp\/v2\/posts\/1509\/revisions"}],"predecessor-version":[{"id":1510,"href":"https:\/\/blogs.correiobraziliense.com.br\/eixocapital\/wp-json\/wp\/v2\/posts\/1509\/revisions\/1510"}],"wp:featuredmedia":[{"embeddable":true,"href":"https:\/\/blogs.correiobraziliense.com.br\/eixocapital\/wp-json\/wp\/v2\/media\/1418"}],"wp:attachment":[{"href":"https:\/\/blogs.correiobraziliense.com.br\/eixocapital\/wp-json\/wp\/v2\/media?parent=1509"}],"wp:term":[{"taxonomy":"category","embeddable":true,"href":"https:\/\/blogs.correiobraziliense.com.br\/eixocapital\/wp-json\/wp\/v2\/categories?post=1509"},{"taxonomy":"post_tag","embeddable":true,"href":"https:\/\/blogs.correiobraziliense.com.br\/eixocapital\/wp-json\/wp\/v2\/tags?post=1509"}],"curies":[{"name":"wp","href":"https:\/\/api.w.org\/{rel}","templated":true}]}}