{"id":1505,"date":"2022-06-03T07:25:45","date_gmt":"2022-06-03T10:25:45","guid":{"rendered":"https:\/\/blogs.correiobraziliense.com.br\/eixocapital\/?p=1505"},"modified":"2022-06-03T07:28:51","modified_gmt":"2022-06-03T10:28:51","slug":"lancamento-da-candidatura-de-damares-alves-ao-senado-tem-data-marcada","status":"publish","type":"post","link":"https:\/\/blogs.correiobraziliense.com.br\/eixocapital\/2022\/06\/03\/lancamento-da-candidatura-de-damares-alves-ao-senado-tem-data-marcada\/","title":{"rendered":"Lan\u00e7amento da candidatura de Damares Alves ao Senado tem data marcada"},"content":{"rendered":"<p><strong>Coluna Eixo Capital, por Ana Maria Campos<\/strong><\/p>\n<p>O 7 de junho ser\u00e1 decisivo para a pr\u00e9-candidatura de Fl\u00e1via Arruda (PL) ao Senado. \u00c9 a data marcada para a festa de Damares Alves (Republicanos). O presidente Jair Bolsonaro e a primeira-dama, Michele Bolsonaro, s\u00e3o convidados do lan\u00e7amento da candidatura da ex-ministra da Mulher, Fam\u00edlia e Direitos Humanos.<\/p>\n<p>A expectativa de alguns integrantes do partido \u00e9 que Bolsonaro n\u00e3o vai aparecer, justamente para manter o suspense de sua prefer\u00eancia.<\/p>\n<p><strong>Parceria e solidariedade<br \/>\n<\/strong>A pr\u00e9-candidata a deputada federal pelo PL-DF Marcela Passamani, ex-secret\u00e1ria de Justi\u00e7a e Cidadania, se encontrou com a deputada federal Fl\u00e1via Arruda, na 137\u00aa edi\u00e7\u00e3o da Festa do Divino Esp\u00edrito Santo, em Planaltina. Prestou solidariedade e declarou seu apoio \u00e0 parceira pol\u00edtica, <a href=\"https:\/\/blogs.correiobraziliense.com.br\/eixocapital\/2022\/06\/02\/flavia-arruda-nega-desistencia-do-senado\/\"><strong>alvo de rumores sobre uma suposta desist\u00eancia da campanha ao Senado Federal<\/strong><\/a>. Aparentemente est\u00e3o tranquilas com o futuro.<\/p>\n","protected":false},"excerpt":{"rendered":"<p>A expectativa de alguns integrantes do partido \u00e9 que Bolsonaro n\u00e3o vai aparecer, justamente para manter o suspense de sua prefer\u00eancia<\/p>\n","protected":false},"author":9,"featured_media":1383,"comment_status":"open","ping_status":"open","sticky":false,"template":"","format":"standard","meta":{"footnotes":""},"categories":[247],"tags":[503,107],"class_list":["post-1505","post","type-post","status-publish","format-standard","has-post-thumbnail","hentry","category-eixo-capital","tag-damares-alves","tag-flavia-arruda"],"_links":{"self":[{"href":"https:\/\/blogs.correiobraziliense.com.br\/eixocapital\/wp-json\/wp\/v2\/posts\/1505","targetHints":{"allow":["GET"]}}],"collection":[{"href":"https:\/\/blogs.correiobraziliense.com.br\/eixocapital\/wp-json\/wp\/v2\/posts"}],"about":[{"href":"https:\/\/blogs.correiobraziliense.com.br\/eixocapital\/wp-json\/wp\/v2\/types\/post"}],"author":[{"embeddable":true,"href":"https:\/\/blogs.correiobraziliense.com.br\/eixocapital\/wp-json\/wp\/v2\/users\/9"}],"replies":[{"embeddable":true,"href":"https:\/\/blogs.correiobraziliense.com.br\/eixocapital\/wp-json\/wp\/v2\/comments?post=1505"}],"version-history":[{"count":3,"href":"https:\/\/blogs.correiobraziliense.com.br\/eixocapital\/wp-json\/wp\/v2\/posts\/1505\/revisions"}],"predecessor-version":[{"id":1508,"href":"https:\/\/blogs.correiobraziliense.com.br\/eixocapital\/wp-json\/wp\/v2\/posts\/1505\/revisions\/1508"}],"wp:featuredmedia":[{"embeddable":true,"href":"https:\/\/blogs.correiobraziliense.com.br\/eixocapital\/wp-json\/wp\/v2\/media\/1383"}],"wp:attachment":[{"href":"https:\/\/blogs.correiobraziliense.com.br\/eixocapital\/wp-json\/wp\/v2\/media?parent=1505"}],"wp:term":[{"taxonomy":"category","embeddable":true,"href":"https:\/\/blogs.correiobraziliense.com.br\/eixocapital\/wp-json\/wp\/v2\/categories?post=1505"},{"taxonomy":"post_tag","embeddable":true,"href":"https:\/\/blogs.correiobraziliense.com.br\/eixocapital\/wp-json\/wp\/v2\/tags?post=1505"}],"curies":[{"name":"wp","href":"https:\/\/api.w.org\/{rel}","templated":true}]}}