{"id":1502,"date":"2022-06-03T07:21:18","date_gmt":"2022-06-03T10:21:18","guid":{"rendered":"https:\/\/blogs.correiobraziliense.com.br\/eixocapital\/?p=1502"},"modified":"2022-06-03T07:21:18","modified_gmt":"2022-06-03T10:21:18","slug":"recurso-de-arruda-no-tjdft-pede-efeito-suspensivo-de-condenacao","status":"publish","type":"post","link":"https:\/\/blogs.correiobraziliense.com.br\/eixocapital\/2022\/06\/03\/recurso-de-arruda-no-tjdft-pede-efeito-suspensivo-de-condenacao\/","title":{"rendered":"Recurso de Arruda no TJDFT pede efeito suspensivo de condena\u00e7\u00e3o"},"content":{"rendered":"<p><strong>Coluna Eixo Capital, por Ana Maria Campos<\/strong><\/p>\n<p>O ex-governador Jos\u00e9 Roberto Arruda impetrou no Tribunal de Justi\u00e7a do Distrito Federal e Territ\u00f3rios (TJDFT) um pedido de tutela antecipada de urg\u00eancia para requerer efeito suspensivo da condena\u00e7\u00e3o de improbidade administrativa proferida contra ele em 2013. O recurso est\u00e1 nas m\u00e3os do presidente do TJDFT, o desembargador Cruz Macedo. Os advogados de Arruda acreditam que o recurso tem boas chances de ser acatado. Um recurso de Arruda contra a condena\u00e7\u00e3o tramitava no STJ, sob a relatoria do ministro Gurgel de Faria, e foi devolvido ao TJDFT porque todos os processos relacionados a improbidade administrativa foram suspensos por decis\u00e3o do STF, at\u00e9 que seja analisada a repercuss\u00e3o geral de uma decis\u00e3o que anulou condena\u00e7\u00e3o em um outro caso devido \u00e0s novas regras para prescri\u00e7\u00e3o e responsabilidade baseada no dolo.<\/p>\n<p><strong>Risco de demora<br \/>\n<\/strong>Os advogados argumentam que a suspens\u00e3o da tramita\u00e7\u00e3o do processo e dos recursos acarreta um enorme preju\u00edzo aos envolvidos. &#8220;O perigo na demora resta evidente, uma vez que o ora peticion\u00e1rio (Arruda) e os outros acusados se encontram sofrendo com essas onerosas restri\u00e7\u00f5es por tempo indeterminado e incalcul\u00e1vel, podendo, at\u00e9 mesmo, eventualmente, durar mais que o per\u00edodo estabelecido no pr\u00f3prio decisum condenat\u00f3rio&#8221;, afirmam os advogados. E ressaltam: &#8220;Enquanto isso, os acusados perdem a oportunidade de se candidatarem, especialmente no corrente ano de elei\u00e7\u00e3o, bem como de exercerem cargos p\u00fablicos, contratarem com o poder p\u00fablico e receberem incentivos fiscais ou credit\u00edcios&#8221;.<\/p>\n<p><strong>Prepara\u00e7\u00e3o<br \/>\n<\/strong>Coordenador pol\u00edtico do PL, o advogado Ant\u00f4nio Gomes tem dito aos pr\u00e9-candidatos do partido e aos arrudistas em geral que se preparem para uma poss\u00edvel candidatura de Jos\u00e9 Roberto Arruda ao Pal\u00e1cio do Buriti.<\/p>\n","protected":false},"excerpt":{"rendered":"<p>O recurso est\u00e1 nas m\u00e3os do presidente do TJDFT, o desembargador Cruz Macedo. Os advogados de Arruda acreditam que o recurso tem boas chances de ser acatado<\/p>\n","protected":false},"author":9,"featured_media":1503,"comment_status":"open","ping_status":"open","sticky":false,"template":"","format":"standard","meta":{"footnotes":""},"categories":[247],"tags":[448,29,462],"class_list":["post-1502","post","type-post","status-publish","format-standard","has-post-thumbnail","hentry","category-eixo-capital","tag-arruda","tag-eleicoes-2022","tag-jose-roberto-arruda"],"_links":{"self":[{"href":"https:\/\/blogs.correiobraziliense.com.br\/eixocapital\/wp-json\/wp\/v2\/posts\/1502","targetHints":{"allow":["GET"]}}],"collection":[{"href":"https:\/\/blogs.correiobraziliense.com.br\/eixocapital\/wp-json\/wp\/v2\/posts"}],"about":[{"href":"https:\/\/blogs.correiobraziliense.com.br\/eixocapital\/wp-json\/wp\/v2\/types\/post"}],"author":[{"embeddable":true,"href":"https:\/\/blogs.correiobraziliense.com.br\/eixocapital\/wp-json\/wp\/v2\/users\/9"}],"replies":[{"embeddable":true,"href":"https:\/\/blogs.correiobraziliense.com.br\/eixocapital\/wp-json\/wp\/v2\/comments?post=1502"}],"version-history":[{"count":1,"href":"https:\/\/blogs.correiobraziliense.com.br\/eixocapital\/wp-json\/wp\/v2\/posts\/1502\/revisions"}],"predecessor-version":[{"id":1504,"href":"https:\/\/blogs.correiobraziliense.com.br\/eixocapital\/wp-json\/wp\/v2\/posts\/1502\/revisions\/1504"}],"wp:featuredmedia":[{"embeddable":true,"href":"https:\/\/blogs.correiobraziliense.com.br\/eixocapital\/wp-json\/wp\/v2\/media\/1503"}],"wp:attachment":[{"href":"https:\/\/blogs.correiobraziliense.com.br\/eixocapital\/wp-json\/wp\/v2\/media?parent=1502"}],"wp:term":[{"taxonomy":"category","embeddable":true,"href":"https:\/\/blogs.correiobraziliense.com.br\/eixocapital\/wp-json\/wp\/v2\/categories?post=1502"},{"taxonomy":"post_tag","embeddable":true,"href":"https:\/\/blogs.correiobraziliense.com.br\/eixocapital\/wp-json\/wp\/v2\/tags?post=1502"}],"curies":[{"name":"wp","href":"https:\/\/api.w.org\/{rel}","templated":true}]}}