{"id":1499,"date":"2022-06-02T07:58:38","date_gmt":"2022-06-02T10:58:38","guid":{"rendered":"https:\/\/blogs.correiobraziliense.com.br\/eixocapital\/?p=1499"},"modified":"2022-06-02T07:58:38","modified_gmt":"2022-06-02T10:58:38","slug":"federacao-pt-pv-pcdob-busca-um-vice","status":"publish","type":"post","link":"https:\/\/blogs.correiobraziliense.com.br\/eixocapital\/2022\/06\/02\/federacao-pt-pv-pcdob-busca-um-vice\/","title":{"rendered":"Federa\u00e7\u00e3o PT-PV-PCdoB busca um vice"},"content":{"rendered":"<p><strong>Coluna Eixo Capital, por Ana Maria Campos<\/strong><\/p>\n<p>A chapa da federa\u00e7\u00e3o PT-PV-PCdoB no DF j\u00e1 definiu o pr\u00e9-candidato ao governo, Leandro Grass (PV), e ao Senado, Rosilene Corr\u00eaa (PT). Falta encontrar o vice. Ou a vice. A frente vai oferecer a vaga ao PSB. Mas o partido tem pr\u00e9-candidato, Rafael Parente, que est\u00e1 animado com a<br \/>\npr\u00e9-campanha ao governo.<\/p>\n<p><strong>Amigos, advers\u00e1rios\u2026<br \/>\n<\/strong>Leandro Grass (PV) e Rafael Parente (PSB) s\u00e3o da mesma gera\u00e7\u00e3o e sempre foram amigos. Come\u00e7aram na pol\u00edtica juntos, em movimentos de renova\u00e7\u00e3o, como o Agora. J\u00e1 prometerem no passado que um n\u00e3o seria candidato contra o outro. Mas, hoje, s\u00e3o advers\u00e1rios no mesmo prop\u00f3sito de concorrer ao governo do DF.<\/p>\n","protected":false},"excerpt":{"rendered":"<p>A frente vai oferecer a vaga ao PSB. Mas o partido tem pr\u00e9-candidato, Rafael Parente, que est\u00e1 animado com a<br \/>\npr\u00e9-campanha ao governo.<\/p>\n","protected":false},"author":9,"featured_media":1500,"comment_status":"open","ping_status":"open","sticky":false,"template":"","format":"standard","meta":{"footnotes":""},"categories":[247],"tags":[160,74],"class_list":["post-1499","post","type-post","status-publish","format-standard","has-post-thumbnail","hentry","category-eixo-capital","tag-leandro-grass","tag-rafael-parente"],"_links":{"self":[{"href":"https:\/\/blogs.correiobraziliense.com.br\/eixocapital\/wp-json\/wp\/v2\/posts\/1499","targetHints":{"allow":["GET"]}}],"collection":[{"href":"https:\/\/blogs.correiobraziliense.com.br\/eixocapital\/wp-json\/wp\/v2\/posts"}],"about":[{"href":"https:\/\/blogs.correiobraziliense.com.br\/eixocapital\/wp-json\/wp\/v2\/types\/post"}],"author":[{"embeddable":true,"href":"https:\/\/blogs.correiobraziliense.com.br\/eixocapital\/wp-json\/wp\/v2\/users\/9"}],"replies":[{"embeddable":true,"href":"https:\/\/blogs.correiobraziliense.com.br\/eixocapital\/wp-json\/wp\/v2\/comments?post=1499"}],"version-history":[{"count":1,"href":"https:\/\/blogs.correiobraziliense.com.br\/eixocapital\/wp-json\/wp\/v2\/posts\/1499\/revisions"}],"predecessor-version":[{"id":1501,"href":"https:\/\/blogs.correiobraziliense.com.br\/eixocapital\/wp-json\/wp\/v2\/posts\/1499\/revisions\/1501"}],"wp:featuredmedia":[{"embeddable":true,"href":"https:\/\/blogs.correiobraziliense.com.br\/eixocapital\/wp-json\/wp\/v2\/media\/1500"}],"wp:attachment":[{"href":"https:\/\/blogs.correiobraziliense.com.br\/eixocapital\/wp-json\/wp\/v2\/media?parent=1499"}],"wp:term":[{"taxonomy":"category","embeddable":true,"href":"https:\/\/blogs.correiobraziliense.com.br\/eixocapital\/wp-json\/wp\/v2\/categories?post=1499"},{"taxonomy":"post_tag","embeddable":true,"href":"https:\/\/blogs.correiobraziliense.com.br\/eixocapital\/wp-json\/wp\/v2\/tags?post=1499"}],"curies":[{"name":"wp","href":"https:\/\/api.w.org\/{rel}","templated":true}]}}