{"id":1496,"date":"2022-06-02T07:51:24","date_gmt":"2022-06-02T10:51:24","guid":{"rendered":"https:\/\/blogs.correiobraziliense.com.br\/eixocapital\/?p=1496"},"modified":"2022-06-02T07:51:24","modified_gmt":"2022-06-02T10:51:24","slug":"policiais-civis-em-campanha-eleitoral","status":"publish","type":"post","link":"https:\/\/blogs.correiobraziliense.com.br\/eixocapital\/2022\/06\/02\/policiais-civis-em-campanha-eleitoral\/","title":{"rendered":"Policiais civis em campanha eleitoral"},"content":{"rendered":"<p><strong>Coluna Eixo Capital, por Ana Maria Campos<\/strong><\/p>\n<p>Os presidentes dos sindicatos da Pol\u00edcia Civil se licenciaram para entrar em campanha. Alex Galv\u00e3o, do Sinpol, est\u00e1 no Podemos e vai concorrer a uma vaga de deputado distrital. Rafael Sampaio (PL) se afastou do Sindepo para mergulhar na pr\u00e9-candidatura a deputado federal. Galv\u00e3o ser\u00e1 substitu\u00eddo pelo agente aposentado Enoque Ven\u00e2ncio. O delegado Marcelo Portela assume no lugar de Sampaio.<\/p>\n<h3>O lobby dos padrinhos<\/h3>\n<p>Vai longe a disputa na federa\u00e7\u00e3o PSDB-Cidadania. O presidente do PSDB, Bruno Ara\u00fajo, tem garantido ao senador Izalci Lucas (PSDB-DF) que ele ser\u00e1 o candidato do grupo ao governo do DF. Mas o presidente do Cidadania, Roberto Freire, assegura que a deputada Paula Belmonte (Cidadania-DF) estar\u00e1 numa chapa majorit\u00e1ria. Ou seja, ser\u00e1 vice ou candidata ao Senado, e ela s\u00f3 topa ir com Reguffe (UB-DF). Freire gravou um v\u00eddeo ao lado de Paula com a garantia de que os planos da deputada v\u00e3o vingar. &#8220;N\u00f3s, do Cidadania, estamos tendo protagonismo e, com a federa\u00e7\u00e3o, teremos protagonismo ainda maior&#8221;, disse Freire.<\/p>\n<p><strong>Valorizando institutos que promovem estudos<br \/>\n<\/strong>A Proposta de Emenda \u00e0 Constitui\u00e7\u00e3o que torna o Inep, o IBGE e o Ipea institui\u00e7\u00f5es permanentes de Estado foi aprovada ontem pela Comiss\u00e3o de Constitui\u00e7\u00e3o e Justi\u00e7a (CCJ) do Senado. De autoria da senadora Leila Barros (PDT-DF), a PEC 27\/21 tem como objetivo preservar as entidades respons\u00e1veis pela produ\u00e7\u00e3o das estat\u00edsticas nacionais das inger\u00eancias pol\u00edticas e descontinuidade administrativa. Agora, o texto segue para an\u00e1lise do Plen\u00e1rio do Senado. O relator, senador Jorge Kajuru (Podemos-GO), incluiu o CNPq e a Capes no rol de entidades que tamb\u00e9m ser\u00e3o al\u00e7adas \u00e0 condi\u00e7\u00e3o de institui\u00e7\u00f5es de Estado.<\/p>\n<p><strong>Senado homenageia Murilo Badar\u00f3<br \/>\n<\/strong>O Senado aprovou ontem projeto de lei que denomina Estrada Senador Murilo Badar\u00f3 o trecho rodovi\u00e1rio da BR-367 que faz a liga\u00e7\u00e3o de pouco mais de 100km entre os munic\u00edpios de Minas Novas e Ara\u00e7ua\u00ed, em Minas Gerais. O relat\u00f3rio foi apresentado pelo relator ad hoc, o senador Rodrigo Pacheco (PSD-MG), presidente do Senado. &#8220;Homenagem singela e justa ao grande pol\u00edtico mineiro que foi o senador Murilo Badar\u00f3. Ele conhecia os 853 munic\u00edpios de Minas Gerais&#8221;, disse Pacheco. Murilo Badar\u00f3 foi deputado estadual, deputado federal, senador, advogado, escritor e orador. O projeto segue, agora, para san\u00e7\u00e3o do presidente Jair Bolsonaro.<\/p>\n","protected":false},"excerpt":{"rendered":"<p>Alex Galv\u00e3o est\u00e1 no Podemos e vai concorrer a deputado distrital. Rafael Sampaio se afastou do Sindepo para mergulhar na pr\u00e9-candidatura a deputado federal.<\/p>\n","protected":false},"author":9,"featured_media":1497,"comment_status":"open","ping_status":"open","sticky":false,"template":"","format":"standard","meta":{"footnotes":""},"categories":[247],"tags":[29,60,139],"class_list":["post-1496","post","type-post","status-publish","format-standard","has-post-thumbnail","hentry","category-eixo-capital","tag-eleicoes-2022","tag-izalci-lucas","tag-paula-belmonte"],"_links":{"self":[{"href":"https:\/\/blogs.correiobraziliense.com.br\/eixocapital\/wp-json\/wp\/v2\/posts\/1496","targetHints":{"allow":["GET"]}}],"collection":[{"href":"https:\/\/blogs.correiobraziliense.com.br\/eixocapital\/wp-json\/wp\/v2\/posts"}],"about":[{"href":"https:\/\/blogs.correiobraziliense.com.br\/eixocapital\/wp-json\/wp\/v2\/types\/post"}],"author":[{"embeddable":true,"href":"https:\/\/blogs.correiobraziliense.com.br\/eixocapital\/wp-json\/wp\/v2\/users\/9"}],"replies":[{"embeddable":true,"href":"https:\/\/blogs.correiobraziliense.com.br\/eixocapital\/wp-json\/wp\/v2\/comments?post=1496"}],"version-history":[{"count":1,"href":"https:\/\/blogs.correiobraziliense.com.br\/eixocapital\/wp-json\/wp\/v2\/posts\/1496\/revisions"}],"predecessor-version":[{"id":1498,"href":"https:\/\/blogs.correiobraziliense.com.br\/eixocapital\/wp-json\/wp\/v2\/posts\/1496\/revisions\/1498"}],"wp:featuredmedia":[{"embeddable":true,"href":"https:\/\/blogs.correiobraziliense.com.br\/eixocapital\/wp-json\/wp\/v2\/media\/1497"}],"wp:attachment":[{"href":"https:\/\/blogs.correiobraziliense.com.br\/eixocapital\/wp-json\/wp\/v2\/media?parent=1496"}],"wp:term":[{"taxonomy":"category","embeddable":true,"href":"https:\/\/blogs.correiobraziliense.com.br\/eixocapital\/wp-json\/wp\/v2\/categories?post=1496"},{"taxonomy":"post_tag","embeddable":true,"href":"https:\/\/blogs.correiobraziliense.com.br\/eixocapital\/wp-json\/wp\/v2\/tags?post=1496"}],"curies":[{"name":"wp","href":"https:\/\/api.w.org\/{rel}","templated":true}]}}