{"id":1494,"date":"2022-06-02T07:43:24","date_gmt":"2022-06-02T10:43:24","guid":{"rendered":"https:\/\/blogs.correiobraziliense.com.br\/eixocapital\/?p=1494"},"modified":"2022-06-02T07:43:24","modified_gmt":"2022-06-02T10:43:24","slug":"flavia-arruda-nega-desistencia-do-senado","status":"publish","type":"post","link":"https:\/\/blogs.correiobraziliense.com.br\/eixocapital\/2022\/06\/02\/flavia-arruda-nega-desistencia-do-senado\/","title":{"rendered":"Fl\u00e1via Arruda nega desist\u00eancia do Senado"},"content":{"rendered":"<p><strong>Coluna Eixo Capital, por Ana Maria Campos<\/strong><\/p>\n<p>A deputada Fl\u00e1via Arruda (PL) nega desist\u00eancia de sua pr\u00e9-candidatura ao Senado. Ela tem sido v\u00edtima de fake news espalhadas pela milit\u00e2ncia virtual bolsonarista-raiz que defende a candidatura da ex-ministra Damares Alves, tamb\u00e9m pr\u00e9-candidata ao Senado.<\/p>\n<p>At\u00e9 o registro oficial das candidaturas, Fl\u00e1via ter\u00e1 de decidir se mant\u00e9m a disposi\u00e7\u00e3o de enfrentar a guerra. Sem contar que o destino da ex-ministra da Secretaria de Governo da Presid\u00eancia da Rep\u00fablica est\u00e1 atrelado tamb\u00e9m a uma eventual candidatura do marido, Jos\u00e9 Roberto Arruda.<\/p>\n","protected":false},"excerpt":{"rendered":"<p>A deputada Fl\u00e1via Arruda (PL) nega desist\u00eancia de sua pr\u00e9-candidatura ao Senado. Ela tem sido v\u00edtima de fake news<\/p>\n","protected":false},"author":9,"featured_media":1367,"comment_status":"open","ping_status":"open","sticky":false,"template":"","format":"standard","meta":{"footnotes":""},"categories":[247],"tags":[503,29,107],"class_list":["post-1494","post","type-post","status-publish","format-standard","has-post-thumbnail","hentry","category-eixo-capital","tag-damares-alves","tag-eleicoes-2022","tag-flavia-arruda"],"_links":{"self":[{"href":"https:\/\/blogs.correiobraziliense.com.br\/eixocapital\/wp-json\/wp\/v2\/posts\/1494","targetHints":{"allow":["GET"]}}],"collection":[{"href":"https:\/\/blogs.correiobraziliense.com.br\/eixocapital\/wp-json\/wp\/v2\/posts"}],"about":[{"href":"https:\/\/blogs.correiobraziliense.com.br\/eixocapital\/wp-json\/wp\/v2\/types\/post"}],"author":[{"embeddable":true,"href":"https:\/\/blogs.correiobraziliense.com.br\/eixocapital\/wp-json\/wp\/v2\/users\/9"}],"replies":[{"embeddable":true,"href":"https:\/\/blogs.correiobraziliense.com.br\/eixocapital\/wp-json\/wp\/v2\/comments?post=1494"}],"version-history":[{"count":1,"href":"https:\/\/blogs.correiobraziliense.com.br\/eixocapital\/wp-json\/wp\/v2\/posts\/1494\/revisions"}],"predecessor-version":[{"id":1495,"href":"https:\/\/blogs.correiobraziliense.com.br\/eixocapital\/wp-json\/wp\/v2\/posts\/1494\/revisions\/1495"}],"wp:featuredmedia":[{"embeddable":true,"href":"https:\/\/blogs.correiobraziliense.com.br\/eixocapital\/wp-json\/wp\/v2\/media\/1367"}],"wp:attachment":[{"href":"https:\/\/blogs.correiobraziliense.com.br\/eixocapital\/wp-json\/wp\/v2\/media?parent=1494"}],"wp:term":[{"taxonomy":"category","embeddable":true,"href":"https:\/\/blogs.correiobraziliense.com.br\/eixocapital\/wp-json\/wp\/v2\/categories?post=1494"},{"taxonomy":"post_tag","embeddable":true,"href":"https:\/\/blogs.correiobraziliense.com.br\/eixocapital\/wp-json\/wp\/v2\/tags?post=1494"}],"curies":[{"name":"wp","href":"https:\/\/api.w.org\/{rel}","templated":true}]}}