{"id":1491,"date":"2022-06-02T07:39:11","date_gmt":"2022-06-02T10:39:11","guid":{"rendered":"https:\/\/blogs.correiobraziliense.com.br\/eixocapital\/?p=1491"},"modified":"2022-06-02T07:39:11","modified_gmt":"2022-06-02T10:39:11","slug":"ex-dono-do-piantella-sera-candidato-no-partido-de-bolsonaro","status":"publish","type":"post","link":"https:\/\/blogs.correiobraziliense.com.br\/eixocapital\/2022\/06\/02\/ex-dono-do-piantella-sera-candidato-no-partido-de-bolsonaro\/","title":{"rendered":"Ex-dono do Piantella ser\u00e1 candidato no partido de Bolsonaro"},"content":{"rendered":"<p><strong>Coluna Eixo Capital, por Ana Maria Campos<\/strong><\/p>\n<p>O Piantella, palco de tantas costuras e bastidores do poder em Bras\u00edlia, vai entrar de vez para a pol\u00edtica. Na verdade, seu fundador. O empres\u00e1rio Marco Aur\u00e9lio Costa, que inaugurou o restaurante em 1974, se filiou ao PL e vai concorrer a um mandato de deputado federal. Ele aceitou o convite do ex-governador Jos\u00e9 Roberto Arruda, antigo frequentador das movimentadas mesas com parlamentares e ministros, e da deputada Fl\u00e1via Arruda, ambos do PL. Vai lan\u00e7ar a pr\u00e9-candidatura em 13 de junho.<\/p>\n<p>Na urna eletr\u00f4nica, usar\u00e1 o nome pelo qual \u00e9 conhecido: Marco Aur\u00e9lio Piantella. Ele diz que sua bandeira ser\u00e1 um trabalho em defesa de gar\u00e7ons, chefs de cozinha e empres\u00e1rios envolvidos no ramo de gastronomia. &#8220;Conhe\u00e7o a alma e o cora\u00e7\u00e3o dessas pessoas&#8221;, disse \u00e0 coluna. Marco Aur\u00e9lio vendeu o restaurante em 2014, que durante a pandemia acabou fechando as portas. Mas os 40 anos de conviv\u00eancia com o meio pol\u00edtico, de pol\u00edticos influentes, como Ulysses Guimar\u00e3es e Luis Eduardo Magalh\u00e3es, a jornalistas, lhe garantiram experi\u00eancia para agora trilhar o pr\u00f3prio caminho no Congresso. Na campanha, estar\u00e1 ao lado do casal Arruda e do presidente Jair Bolsonaro.<\/p>\n<p><strong>Cada um na sua\u2026<br \/>\n<\/strong>Enquanto Marco Aur\u00e9lio Costa se prepara para fazer campanha a deputado no PL, seu ex-s\u00f3cio no Piantella, o advogado Ant\u00f4nio Carlos de Almeida Castro, o Kakay, fez, nesta semana, um gesto pol\u00edtico em Paris contra o presidente. Gritou &#8220;Fora, Bolsonaro&#8221;, em Roland Garros, durante uma partida de t\u00eanis entre o alem\u00e3o Alexander Zverev e o espanhol Carlos Alcaraz. Foi no Piantella, ali\u00e1s, que Lula celebrou, em dezembro de 2002, a primeira diploma\u00e7\u00e3o como presidente do Brasil. No restaurante mais famoso da hist\u00f3ria da pol\u00edtica de Bras\u00edlia, nunca houve barreiras ideol\u00f3gicas.<\/p>\n","protected":false},"excerpt":{"rendered":"<p>O empres\u00e1rio Marco Aur\u00e9lio Costa, que inaugurou o restaurante em 1974, se filiou ao PL e vai concorrer a um mandato de deputado federal<\/p>\n","protected":false},"author":9,"featured_media":1492,"comment_status":"open","ping_status":"open","sticky":false,"template":"","format":"standard","meta":{"footnotes":""},"categories":[247],"tags":[29,523],"class_list":["post-1491","post","type-post","status-publish","format-standard","has-post-thumbnail","hentry","category-eixo-capital","tag-eleicoes-2022","tag-marco-aurelio-piantella"],"_links":{"self":[{"href":"https:\/\/blogs.correiobraziliense.com.br\/eixocapital\/wp-json\/wp\/v2\/posts\/1491","targetHints":{"allow":["GET"]}}],"collection":[{"href":"https:\/\/blogs.correiobraziliense.com.br\/eixocapital\/wp-json\/wp\/v2\/posts"}],"about":[{"href":"https:\/\/blogs.correiobraziliense.com.br\/eixocapital\/wp-json\/wp\/v2\/types\/post"}],"author":[{"embeddable":true,"href":"https:\/\/blogs.correiobraziliense.com.br\/eixocapital\/wp-json\/wp\/v2\/users\/9"}],"replies":[{"embeddable":true,"href":"https:\/\/blogs.correiobraziliense.com.br\/eixocapital\/wp-json\/wp\/v2\/comments?post=1491"}],"version-history":[{"count":1,"href":"https:\/\/blogs.correiobraziliense.com.br\/eixocapital\/wp-json\/wp\/v2\/posts\/1491\/revisions"}],"predecessor-version":[{"id":1493,"href":"https:\/\/blogs.correiobraziliense.com.br\/eixocapital\/wp-json\/wp\/v2\/posts\/1491\/revisions\/1493"}],"wp:featuredmedia":[{"embeddable":true,"href":"https:\/\/blogs.correiobraziliense.com.br\/eixocapital\/wp-json\/wp\/v2\/media\/1492"}],"wp:attachment":[{"href":"https:\/\/blogs.correiobraziliense.com.br\/eixocapital\/wp-json\/wp\/v2\/media?parent=1491"}],"wp:term":[{"taxonomy":"category","embeddable":true,"href":"https:\/\/blogs.correiobraziliense.com.br\/eixocapital\/wp-json\/wp\/v2\/categories?post=1491"},{"taxonomy":"post_tag","embeddable":true,"href":"https:\/\/blogs.correiobraziliense.com.br\/eixocapital\/wp-json\/wp\/v2\/tags?post=1491"}],"curies":[{"name":"wp","href":"https:\/\/api.w.org\/{rel}","templated":true}]}}