{"id":1485,"date":"2022-06-01T07:31:09","date_gmt":"2022-06-01T10:31:09","guid":{"rendered":"https:\/\/blogs.correiobraziliense.com.br\/eixocapital\/?p=1485"},"modified":"2022-06-01T07:31:40","modified_gmt":"2022-06-01T10:31:40","slug":"rosilene-correa-deve-ser-a-candidata-ao-senado","status":"publish","type":"post","link":"https:\/\/blogs.correiobraziliense.com.br\/eixocapital\/2022\/06\/01\/rosilene-correa-deve-ser-a-candidata-ao-senado\/","title":{"rendered":"Rosilene Corr\u00eaa deve ser a candidata ao Senado"},"content":{"rendered":"<p><strong>Coluna Eixo Capital, por Ana Maria Campos<\/strong><\/p>\n<p>A candidata ao Senado da federa\u00e7\u00e3o PT-PV-PCdoB deve ser a diretora do Sindicato dos Professores (Sinpro-DF) Rosilene Corr\u00eaa. A dire\u00e7\u00e3o nacional da campanha de Lula decidiu entregar para o PT-DF a decis\u00e3o sobre a candidatura. Antes, havia avocado a delibera\u00e7\u00e3o sobre toda a chapa. Mas ficar\u00e1 apenas com a delibera\u00e7\u00e3o de atender o PV, com o lan\u00e7amento do deputado Leandro Grass (PV) ao Pal\u00e1cio do Buriti. No encontro do PT-DF, no pr\u00f3ximo s\u00e1bado, <a href=\"https:\/\/blogs.correiobraziliense.com.br\/eixocapital\/2022\/05\/19\/rosilene-correa-e-fundamental-que-a-esquerda-apresente-o-nome-de-uma-mulher-para-disputar-o-senado\/\"><strong>Rosilene dever\u00e1 ser escolhida para a disputa ao Senado<\/strong><\/a>.<\/p>\n","protected":false},"excerpt":{"rendered":"<p>No encontro do PT-DF, no pr\u00f3ximo s\u00e1bado, Rosilene Corr\u00eaa dever\u00e1 ser escolhida para a disputa ao Senado pela coliga\u00e7\u00e3o com PV e PCdoB<\/p>\n","protected":false},"author":9,"featured_media":1423,"comment_status":"open","ping_status":"open","sticky":false,"template":"","format":"standard","meta":{"footnotes":""},"categories":[247],"tags":[29,203,61],"class_list":["post-1485","post","type-post","status-publish","format-standard","has-post-thumbnail","hentry","category-eixo-capital","tag-eleicoes-2022","tag-rosilene-correa","tag-senado"],"_links":{"self":[{"href":"https:\/\/blogs.correiobraziliense.com.br\/eixocapital\/wp-json\/wp\/v2\/posts\/1485","targetHints":{"allow":["GET"]}}],"collection":[{"href":"https:\/\/blogs.correiobraziliense.com.br\/eixocapital\/wp-json\/wp\/v2\/posts"}],"about":[{"href":"https:\/\/blogs.correiobraziliense.com.br\/eixocapital\/wp-json\/wp\/v2\/types\/post"}],"author":[{"embeddable":true,"href":"https:\/\/blogs.correiobraziliense.com.br\/eixocapital\/wp-json\/wp\/v2\/users\/9"}],"replies":[{"embeddable":true,"href":"https:\/\/blogs.correiobraziliense.com.br\/eixocapital\/wp-json\/wp\/v2\/comments?post=1485"}],"version-history":[{"count":1,"href":"https:\/\/blogs.correiobraziliense.com.br\/eixocapital\/wp-json\/wp\/v2\/posts\/1485\/revisions"}],"predecessor-version":[{"id":1486,"href":"https:\/\/blogs.correiobraziliense.com.br\/eixocapital\/wp-json\/wp\/v2\/posts\/1485\/revisions\/1486"}],"wp:featuredmedia":[{"embeddable":true,"href":"https:\/\/blogs.correiobraziliense.com.br\/eixocapital\/wp-json\/wp\/v2\/media\/1423"}],"wp:attachment":[{"href":"https:\/\/blogs.correiobraziliense.com.br\/eixocapital\/wp-json\/wp\/v2\/media?parent=1485"}],"wp:term":[{"taxonomy":"category","embeddable":true,"href":"https:\/\/blogs.correiobraziliense.com.br\/eixocapital\/wp-json\/wp\/v2\/categories?post=1485"},{"taxonomy":"post_tag","embeddable":true,"href":"https:\/\/blogs.correiobraziliense.com.br\/eixocapital\/wp-json\/wp\/v2\/tags?post=1485"}],"curies":[{"name":"wp","href":"https:\/\/api.w.org\/{rel}","templated":true}]}}