{"id":1480,"date":"2022-06-01T07:24:24","date_gmt":"2022-06-01T10:24:24","guid":{"rendered":"https:\/\/blogs.correiobraziliense.com.br\/eixocapital\/?p=1480"},"modified":"2022-06-01T07:26:31","modified_gmt":"2022-06-01T10:26:31","slug":"reguffe-declara-amizade-eterna-a-simone-tebet","status":"publish","type":"post","link":"https:\/\/blogs.correiobraziliense.com.br\/eixocapital\/2022\/06\/01\/reguffe-declara-amizade-eterna-a-simone-tebet\/","title":{"rendered":"Reguffe declara amizade eterna a Simone Tebet"},"content":{"rendered":"<p><strong>Coluna Eixo Capital, por Ana Maria Campos<\/strong><\/p>\n<p>No dia do lan\u00e7amento da pr\u00e9-candidatura do deputado Luciano Bivar (PE), presidente do Uni\u00e3o Brasil, ao Pal\u00e1cio do Planalto, o senador Jos\u00e9 Ant\u00f4nio Reguffe (UB-DF), postou nas redes sociais uma foto ao lado da senadora Simone Tebet (MS), pr\u00e9-candidata do MDB \u00e0 Presid\u00eancia da Rep\u00fablica. A festa de Bivar reuniu estrelas do Uni\u00e3o Brasil, como Sergio Moro, Ronaldo Caiado e ACM Neto. Reguffe n\u00e3o foi. Depois, postou uma mensagem sobre a amizade com Tebet: &#8220;Muitas conversas, parceria e carinho. Me orgulho de ter votado nela para presidente do Senado. Nossa amizade vai para al\u00e9m da pol\u00edtica. \u00c9 para a vida&#8221;. Ningu\u00e9m entendeu. Ou entendeu bem.<\/p>\n","protected":false},"excerpt":{"rendered":"<p>O senador Jos\u00e9 Ant\u00f4nio Reguffe, postou nas redes sociais uma foto ao lado da senadora Simone Tebet, e declarou o voto nela para a presid\u00eancia da Casa<\/p>\n","protected":false},"author":9,"featured_media":1481,"comment_status":"open","ping_status":"open","sticky":false,"template":"","format":"standard","meta":{"footnotes":""},"categories":[247],"tags":[194,522],"class_list":["post-1480","post","type-post","status-publish","format-standard","has-post-thumbnail","hentry","category-eixo-capital","tag-reguffe","tag-simone-tebet"],"_links":{"self":[{"href":"https:\/\/blogs.correiobraziliense.com.br\/eixocapital\/wp-json\/wp\/v2\/posts\/1480","targetHints":{"allow":["GET"]}}],"collection":[{"href":"https:\/\/blogs.correiobraziliense.com.br\/eixocapital\/wp-json\/wp\/v2\/posts"}],"about":[{"href":"https:\/\/blogs.correiobraziliense.com.br\/eixocapital\/wp-json\/wp\/v2\/types\/post"}],"author":[{"embeddable":true,"href":"https:\/\/blogs.correiobraziliense.com.br\/eixocapital\/wp-json\/wp\/v2\/users\/9"}],"replies":[{"embeddable":true,"href":"https:\/\/blogs.correiobraziliense.com.br\/eixocapital\/wp-json\/wp\/v2\/comments?post=1480"}],"version-history":[{"count":3,"href":"https:\/\/blogs.correiobraziliense.com.br\/eixocapital\/wp-json\/wp\/v2\/posts\/1480\/revisions"}],"predecessor-version":[{"id":1484,"href":"https:\/\/blogs.correiobraziliense.com.br\/eixocapital\/wp-json\/wp\/v2\/posts\/1480\/revisions\/1484"}],"wp:featuredmedia":[{"embeddable":true,"href":"https:\/\/blogs.correiobraziliense.com.br\/eixocapital\/wp-json\/wp\/v2\/media\/1481"}],"wp:attachment":[{"href":"https:\/\/blogs.correiobraziliense.com.br\/eixocapital\/wp-json\/wp\/v2\/media?parent=1480"}],"wp:term":[{"taxonomy":"category","embeddable":true,"href":"https:\/\/blogs.correiobraziliense.com.br\/eixocapital\/wp-json\/wp\/v2\/categories?post=1480"},{"taxonomy":"post_tag","embeddable":true,"href":"https:\/\/blogs.correiobraziliense.com.br\/eixocapital\/wp-json\/wp\/v2\/tags?post=1480"}],"curies":[{"name":"wp","href":"https:\/\/api.w.org\/{rel}","templated":true}]}}