{"id":148,"date":"2021-10-28T07:58:46","date_gmt":"2021-10-28T10:58:46","guid":{"rendered":"https:\/\/blogs.correiobraziliense.com.br\/eixocapital\/?p=148"},"modified":"2021-10-28T07:58:46","modified_gmt":"2021-10-28T10:58:46","slug":"psb-nacional-nao-quer-alianca-com-leila-em-2022","status":"publish","type":"post","link":"https:\/\/blogs.correiobraziliense.com.br\/eixocapital\/2021\/10\/28\/psb-nacional-nao-quer-alianca-com-leila-em-2022\/","title":{"rendered":"PSB nacional n\u00e3o quer alian\u00e7a com Leila em 2022"},"content":{"rendered":"<p><strong>Coluna Eixo Capital, por Ana Maria Campos<\/strong><\/p>\n<p>O presidente nacional do PSB, Carlos Siqueira, deixa clara a rejei\u00e7\u00e3o a uma eventual alian\u00e7a em 2022 que contemple a senadora Leila Barros (Cidadania-DF). Durante o lan\u00e7amento da pr\u00e9-candidatura de Rafael Parente (PSB) ao Governo do Distrito Federal, nesta semana, Siqueira foi enf\u00e1tico ao rebater um discurso de Rodrigo Rollemberg (PSB). Quando o ex-governador do DF citou Leila como poss\u00edvel parceira para disputar as elei\u00e7\u00f5es no DF, o presidente do PSB reagiu: \u201cLeila, n\u00e3o\u201d. Disse e repetiu enfaticamente. A dire\u00e7\u00e3o da sigla n\u00e3o perdoa a senadora, eleita pelo partido em 2018, que decidiu migrar para o Cidadania como rea\u00e7\u00e3o \u00e0 aproxima\u00e7\u00e3o com a campanha de Lula \u00e0 Presid\u00eancia. Mas Leila tem outras op\u00e7\u00f5es. Ela tem conversado com outros grupos pol\u00edticos mais ao centro.<\/p>\n<h3>Focados no Congresso e em Alagoas<\/h3>\n<p>Entre a aprova\u00e7\u00e3o do relat\u00f3rio da CPI da Covid com indiciamentos do presidente Jair Bolsonaro por crimes graves e o encaminhamento de uma den\u00fancia para julgamento de impeachment, h\u00e1 um embate pessoal entre dois pol\u00edticos alagoanos de olho em 2022. O relator da comiss\u00e3o parlamentar de inqu\u00e9rito, senador Renan Calheiros (MDB), e o presidente da C\u00e2mara dos Deputados, Arthur Lira (PP), est\u00e3o em lados opostos na disputa ao governo de Alagoas. O grupo de Renan \u00e9 aliado de Lula. O de Lira tem o palanque bolsonarista no estado.<\/p>\n<p><strong>Imbr\u00f3glio<br \/>\n<\/strong>Renan Calheiros quer fazer o sucessor do filho, Renan Filho (MDB), no governo. Mas h\u00e1 um imbr\u00f3glio para dificultar a situa\u00e7\u00e3o. O governador precisa tomar uma decis\u00e3o sobre permanecer at\u00e9 o \u00faltimo dia do mandato e n\u00e3o concorrer a nada, j\u00e1 que n\u00e3o pode mais disputar a reelei\u00e7\u00e3o, ou se desincompatibilizar em abril para se candidatar ao Senado e deixar a gest\u00e3o durante nove meses nas m\u00e3os de um advers\u00e1rio ligado a Arthur Lira. O presidente da Assembleia Legislativa alagoana, Marcelo Victor (Solidariedade), aliado de Lira, dever\u00e1 convocar uma elei\u00e7\u00e3o indireta para eleger um governador-tamp\u00e3o. O nome natural para a sucess\u00e3o, com apoio de Calheiros e Renan Filho, seria o do ex-vice-governador Luciano Barbosa (MDB). Mas ele deixou o cargo para assumir a prefeitura de Arapiraca (AL) no ano passado. Assim, se Renan Filho entrar em campanha, Lira fica em vantagem na disputa ao governo.<\/p>\n<p><strong>Datas<br \/>\n<\/strong>O presidente do Senado, Rodrigo Pacheco (MG), ingressou no PSD ontem, como prov\u00e1vel candidato \u00e0 Presid\u00eancia, no dia do anivers\u00e1rio de 76 anos do ex-presidente Lula. E uma efem\u00e9ride citada pelo presidente do PSD-DF, Paulo Oct\u00e1vio, no ato de filia\u00e7\u00e3o: 56 anos de edi\u00e7\u00e3o do AI-2, que extinguiu todos os partidos, inclusive o PSD de JK.<\/p>\n<p><strong>In\u00edcio de conversa<br \/>\n<\/strong>O deputado distrital Cl\u00e1udio Abrantes (PDT) iniciou conversas para se filiar ao MDB. Mas n\u00e3o avan\u00e7ou.<\/p>\n<p><strong>No caminho da terceira via<br \/>\n<\/strong>\u201cHoje (ontem), foi publicada a lei que, na pr\u00e1tica, acaba com as puni\u00e7\u00f5es de pol\u00edticos por improbidade administrativa. As mudan\u00e7as relatadas por deputado do PT retiram de cena mais um instrumento contra a corrup\u00e7\u00e3o. O presidente da Rep\u00fablica poderia ter vetado, mas preferiu o retrocesso.\u201d Com a frase publicada ontem no Twitter, Sergio Moro se coloca como um cr\u00edtico ao PT e a Bolsonaro. Quer marcar posi\u00e7\u00e3o como terceira via. Moro deve se filiar ao Podemos em novembro.<\/p>\n<p><strong>Sem recuo<br \/>\n<\/strong>O governador de S\u00e3o Paulo, Jo\u00e3o Doria (PSDB), tem dito a aliados que ser\u00e1 candidato de qualquer forma, mesmo se v\u00e1rios outros nomes da terceira via estiverem no p\u00e1reo. Ningu\u00e9m tira. A n\u00e3o ser Eduardo Leite (PSDB), governador do Rio Grande do Sul, advers\u00e1rio dele nas pr\u00e9vias.<\/p>\n<p><strong>Deputada Filippelli<br \/>\n<\/strong>O ex-vice-governador Tadeu Filippelli (MDB) n\u00e3o deve concorrer \u00e0 C\u00e2mara dos Deputados, mas o sobrenome pode entrar na disputa. A secret\u00e1ria da Mulher no governo Ibaneis (MDB), Ericka Filippelli, nora do pol\u00edtico, \u00e9 uma das prov\u00e1veis candidatas do partido a um mandato de deputada federal.<\/p>\n","protected":false},"excerpt":{"rendered":"<p>O presidente nacional do PSB, Carlos Siqueira, deixa clara a rejei\u00e7\u00e3o a uma eventual alian\u00e7a em 2022 que contemple a senadora Leila Barros (Cidadania-DF).<\/p>\n","protected":false},"author":9,"featured_media":149,"comment_status":"open","ping_status":"open","sticky":false,"template":"","format":"standard","meta":{"footnotes":""},"categories":[1],"tags":[55,29],"class_list":["post-148","post","type-post","status-publish","format-standard","has-post-thumbnail","hentry","category-sem-categoria","tag-cpi-da-covid","tag-eleicoes-2022"],"_links":{"self":[{"href":"https:\/\/blogs.correiobraziliense.com.br\/eixocapital\/wp-json\/wp\/v2\/posts\/148","targetHints":{"allow":["GET"]}}],"collection":[{"href":"https:\/\/blogs.correiobraziliense.com.br\/eixocapital\/wp-json\/wp\/v2\/posts"}],"about":[{"href":"https:\/\/blogs.correiobraziliense.com.br\/eixocapital\/wp-json\/wp\/v2\/types\/post"}],"author":[{"embeddable":true,"href":"https:\/\/blogs.correiobraziliense.com.br\/eixocapital\/wp-json\/wp\/v2\/users\/9"}],"replies":[{"embeddable":true,"href":"https:\/\/blogs.correiobraziliense.com.br\/eixocapital\/wp-json\/wp\/v2\/comments?post=148"}],"version-history":[{"count":1,"href":"https:\/\/blogs.correiobraziliense.com.br\/eixocapital\/wp-json\/wp\/v2\/posts\/148\/revisions"}],"predecessor-version":[{"id":150,"href":"https:\/\/blogs.correiobraziliense.com.br\/eixocapital\/wp-json\/wp\/v2\/posts\/148\/revisions\/150"}],"wp:featuredmedia":[{"embeddable":true,"href":"https:\/\/blogs.correiobraziliense.com.br\/eixocapital\/wp-json\/wp\/v2\/media\/149"}],"wp:attachment":[{"href":"https:\/\/blogs.correiobraziliense.com.br\/eixocapital\/wp-json\/wp\/v2\/media?parent=148"}],"wp:term":[{"taxonomy":"category","embeddable":true,"href":"https:\/\/blogs.correiobraziliense.com.br\/eixocapital\/wp-json\/wp\/v2\/categories?post=148"},{"taxonomy":"post_tag","embeddable":true,"href":"https:\/\/blogs.correiobraziliense.com.br\/eixocapital\/wp-json\/wp\/v2\/tags?post=148"}],"curies":[{"name":"wp","href":"https:\/\/api.w.org\/{rel}","templated":true}]}}