{"id":1471,"date":"2022-05-28T08:45:32","date_gmt":"2022-05-28T11:45:32","guid":{"rendered":"https:\/\/blogs.correiobraziliense.com.br\/eixocapital\/?p=1471"},"modified":"2022-05-28T08:45:32","modified_gmt":"2022-05-28T11:45:32","slug":"justica-condena-izalci-e-coloca-pre-candidatura-ao-governo-em-risco","status":"publish","type":"post","link":"https:\/\/blogs.correiobraziliense.com.br\/eixocapital\/2022\/05\/28\/justica-condena-izalci-e-coloca-pre-candidatura-ao-governo-em-risco\/","title":{"rendered":"Justi\u00e7a condena Izalci e coloca pr\u00e9-candidatura ao governo em risco"},"content":{"rendered":"<p><strong>Coluna Eixo Capital, por Ana Maria Campos<\/strong><\/p>\n<p>Uma decis\u00e3o da 3\u00aa Turma Criminal do Tribunal de Justi\u00e7a do Distrito Federal e Territ\u00f3rios (TJDFT) coloca em risco a pr\u00e9-candidatura do senador Izalci Lucas (PSDB-DF) ao Pal\u00e1cio do Buriti. Os desembargadores, por maioria, condenaram o parlamentar a quatro anos e oito meses de pris\u00e3o pelo crime de peculato que teria sido praticado quando Izalci exercia o cargo de secret\u00e1rio de Ci\u00eancia e Tecnologia do DF. A den\u00fancia se refere ao suposto desvio de equipamentos de inform\u00e1tica doados pelo TCU para uso em projetos sociais. Segundo a acusa\u00e7\u00e3o, foram juntadas fotos ao processo que demonstram que computadores e equipamentos estariam instalados em sala comercial de propriedade de Izalci. Na primeira inst\u00e2ncia, o senador foi condenado a dois anos e oito meses de pris\u00e3o e multa, em regime aberto, puni\u00e7\u00e3o que seria substitu\u00edda por penas alternativas. A Justi\u00e7a havia considerado que, como a den\u00fancia foi oferecida oito anos ap\u00f3s a ocorr\u00eancia dos fatos, a pena estaria prescrita. Mas na segunda inst\u00e2ncia o entendimento foi diferente, em julgamento realizado na quinta-feira. A nova decis\u00e3o pode acarretar a inelegibilidade de Izalci, conforme estabelece a Lei da Ficha Limpa. Pela regra, pol\u00edticos com condena\u00e7\u00e3o em segunda inst\u00e2ncia n\u00e3o podem disputar as elei\u00e7\u00f5es.<\/p>\n<p><strong>Trama de desafetos, de acordo com defesa<br \/>\n<\/strong>Em nota, a defesa do senador Izalci Lucas disse que recebeu com surpresa o resultado do julgamento. &#8220;O senador da Rep\u00fablica foi v\u00edtima de uma trama de seus desafetos pol\u00edticos que interpuseram den\u00fancias perante a Justi\u00e7a Eleitoral, em 2010, com o objetivo de cassar o mandato de deputado federal obtido naquelas elei\u00e7\u00f5es. Ou seja, a quest\u00e3o foi inicialmente dirigida \u00e0 justi\u00e7a eleitoral. Existem fotos, filmagens e depoimentos nos autos que confirmam que testemunhas de acusa\u00e7\u00e3o faltaram com a verdade para prejudicar o acusado, mas nenhuma provid\u00eancia correcional foi deferida&#8221;, aponta o advogado El\u00e1dio Carneiro, que representa Izalci. O senador vai recorrer no m\u00e9rito e, inclusive, com o fundamento de que o caso deveria ter sido apreciado pela Justi\u00e7a Eleitoral.<\/p>\n<p><strong>Alian\u00e7a de eventual segundo turno<br \/>\n<\/strong>Em pr\u00e9-campanha, o senador Izalci Lucas esteve ontem com o ex-governador Rodrigo Rollemberg (PSB), em almo\u00e7o no restaurante Amig\u00e3o, da 506 Sul. Tamb\u00e9m participou da conversa o presidente do PSB-DF, Rodrigo Dias. Do encontro, com feijoada e cerveja, surgiu um compromisso de uni\u00e3o nas elei\u00e7\u00f5es, caso Izalci ou o candidato do PSB, Rafael Parente, esteja no segundo turno.<\/p>\n<h3>Apoio do MDB-DF a lan\u00e7amento de Simone Tebet<\/h3>\n<p>O presidente do MDB-DF, Rafael Prudente, deixou claro para quem o partido do governador Ibaneis Rocha vai trabalhar na disputa pelo Pal\u00e1cio do Planalto. &#8220;O MDB do Distrito Federal est\u00e1 unido e apoia a pr\u00e9-candidatura a senadora Simone Tebet \u00e0 Presid\u00eancia da Rep\u00fablica. Vamos trabalhar para colocar o nome da senadora como a grande op\u00e7\u00e3o na disputa eleitoral. Temos que evitar esses dois polos que est\u00e3o dividindo nosso pa\u00eds, e a melhor op\u00e7\u00e3o \u00e9 Simone Tebet&#8221;.<\/p>\n<p><strong>Interesse de Lula no DF \u00e9 a candidatura ao Senado<br \/>\n<\/strong>Integrantes da c\u00fapula do PT disseram, em conversas com dirigentes de outros partidos, que o principal interesse de Lula no DF \u00e9 eleger algu\u00e9m para o Senado e uma boa bancada de deputados federais. Lula pensa na governabilidade e quer apoio no Congresso. Por isso, eles n\u00e3o descartam uma coliga\u00e7\u00e3o que favore\u00e7a a elei\u00e7\u00e3o para o Senado. Como na pr\u00e9-candidatura ao governo, que est\u00e1 a cargo do deputado Leandro Grass (PV), a campanha de Lula pode oferecer a vaga ao Senado para outro partido, se n\u00e3o houver consenso no PT-DF.<\/p>\n<p><strong>Propaganda come\u00e7a a circular nas redes<br \/>\n<\/strong>Com a possibilidade de surgir uma candidatura de Jos\u00e9 Roberto Arruda ao governo, aliados do ex-governador come\u00e7aram ontem a distribuir propaganda de campanha. Est\u00e3o animados.<\/p>\n<p><strong>Isolada<br \/>\n<\/strong>A senadora Leila Barros (PDT-DF) precisa decidir se vai enfrentar a disputa eleitoral em governo em chapa pura, sem alian\u00e7as. O cen\u00e1rio que se configura \u00e9 que o PDT n\u00e3o ter\u00e1 um parceiro de outro partido para vice ou para o Senado.<\/p>\n<p><strong>Elei\u00e7\u00e3o no MPDFT para desembargador<br \/>\n<\/strong>Ex-deputado distrital, o procurador de Justi\u00e7a Chico Leite foi designado presidente da comiss\u00e3o eleitoral do Minist\u00e9rio P\u00fablico do Distrito Federal e Territ\u00f3rios (MPDFT) que vai organizar as elei\u00e7\u00f5es para a lista s\u00eaxtupla com nomes para a pr\u00f3xima vaga do quinto constitucional no Tribunal de Justi\u00e7a do Distrito Federal e Territ\u00f3rios (TJDFT). Nesta semana, o desembargador Humberto Ulh\u00f4a vai completar 75 anos e deixar\u00e1 o Judici\u00e1rio pela aposentadoria compuls\u00f3ria. As inscri\u00e7\u00f5es para a disputa, abertas na \u00faltima sexta-feira, terminam segunda-feira.<\/p>\n","protected":false},"excerpt":{"rendered":"<p>Decis\u00e3o da 3\u00aa Turma Criminal do Tribunal de Justi\u00e7a do Distrito Federal e Territ\u00f3rios (TJDFT) coloca em risco a pr\u00e9-candidatura de Izalci Lucas ao Buriti<\/p>\n","protected":false},"author":9,"featured_media":1472,"comment_status":"open","ping_status":"open","sticky":false,"template":"","format":"standard","meta":{"footnotes":""},"categories":[247],"tags":[29,53,60,462,290],"class_list":["post-1471","post","type-post","status-publish","format-standard","has-post-thumbnail","hentry","category-eixo-capital","tag-eleicoes-2022","tag-ibaneis-rocha","tag-izalci-lucas","tag-jose-roberto-arruda","tag-leila-barros"],"_links":{"self":[{"href":"https:\/\/blogs.correiobraziliense.com.br\/eixocapital\/wp-json\/wp\/v2\/posts\/1471","targetHints":{"allow":["GET"]}}],"collection":[{"href":"https:\/\/blogs.correiobraziliense.com.br\/eixocapital\/wp-json\/wp\/v2\/posts"}],"about":[{"href":"https:\/\/blogs.correiobraziliense.com.br\/eixocapital\/wp-json\/wp\/v2\/types\/post"}],"author":[{"embeddable":true,"href":"https:\/\/blogs.correiobraziliense.com.br\/eixocapital\/wp-json\/wp\/v2\/users\/9"}],"replies":[{"embeddable":true,"href":"https:\/\/blogs.correiobraziliense.com.br\/eixocapital\/wp-json\/wp\/v2\/comments?post=1471"}],"version-history":[{"count":1,"href":"https:\/\/blogs.correiobraziliense.com.br\/eixocapital\/wp-json\/wp\/v2\/posts\/1471\/revisions"}],"predecessor-version":[{"id":1473,"href":"https:\/\/blogs.correiobraziliense.com.br\/eixocapital\/wp-json\/wp\/v2\/posts\/1471\/revisions\/1473"}],"wp:featuredmedia":[{"embeddable":true,"href":"https:\/\/blogs.correiobraziliense.com.br\/eixocapital\/wp-json\/wp\/v2\/media\/1472"}],"wp:attachment":[{"href":"https:\/\/blogs.correiobraziliense.com.br\/eixocapital\/wp-json\/wp\/v2\/media?parent=1471"}],"wp:term":[{"taxonomy":"category","embeddable":true,"href":"https:\/\/blogs.correiobraziliense.com.br\/eixocapital\/wp-json\/wp\/v2\/categories?post=1471"},{"taxonomy":"post_tag","embeddable":true,"href":"https:\/\/blogs.correiobraziliense.com.br\/eixocapital\/wp-json\/wp\/v2\/tags?post=1471"}],"curies":[{"name":"wp","href":"https:\/\/api.w.org\/{rel}","templated":true}]}}