{"id":1468,"date":"2022-05-27T07:59:02","date_gmt":"2022-05-27T10:59:02","guid":{"rendered":"https:\/\/blogs.correiobraziliense.com.br\/eixocapital\/?p=1468"},"modified":"2022-05-27T07:59:02","modified_gmt":"2022-05-27T10:59:02","slug":"stj-desbloqueia-patrimonio-milionario-das-filhas-de-roriz","status":"publish","type":"post","link":"https:\/\/blogs.correiobraziliense.com.br\/eixocapital\/2022\/05\/27\/stj-desbloqueia-patrimonio-milionario-das-filhas-de-roriz\/","title":{"rendered":"STJ desbloqueia patrim\u00f4nio milion\u00e1rio das filhas de Roriz"},"content":{"rendered":"<p><strong>Coluna Eixo Capital, por Ana Maria Campos<\/strong><\/p>\n<p>O Superior Tribunal de Justi\u00e7a (STJ) liberou, depois de nove anos, 50% das a\u00e7\u00f5es da Agropecu\u00e1ria Palma que estavam bloqueadas por decis\u00e3o judicial desde 2013. A empresa Palma, produtora e distribuidora de leite e derivados, em Luzi\u00e2nia, pertence \u00e0s tr\u00eas filhas do ex-governador Joaquim Roriz, Weslliane, Jaqueline e Liliane Roriz. O patrim\u00f4nio estava indispon\u00edvel como forma de possivelmente honrar notas promiss\u00f3rias que, segundo a 17\u00aa Vara C\u00edvel do Distrito Federal, eram devidas a um comerciante goiano. De acordo com o processo, iniciado h\u00e1 quase 30 anos, os comerciantes venderam caminh\u00f5es e vasilhames de leite para um dos genros de Roriz, J\u00falio Henrique Almeida Neuls, marido de Weslliane. A filha mais velha do ex-governador era uma das avalistas do neg\u00f3cio e, por isso, os bens foram penhorados. O autor da execu\u00e7\u00e3o, Onofre Gim da Cunha, sustenta que n\u00e3o recebeu o pagamento devido pelos bens vendidos \u00e0 Palma. Na briga judicial, ele busca a quita\u00e7\u00e3o de seis notas promiss\u00f3rias que foram endossadas a ele por Jos\u00e9 Maria da Cunha, que hoje \u00e9 quem briga para receber o dinheiro. A fam\u00edlia Roriz alega que honrou os pagamentos integralmente na \u00e9poca do neg\u00f3cio.<\/p>\n<p><strong>R$ 60 milh\u00f5es<br \/>\n<\/strong>Em valores de 1995, a suposta d\u00edvida era de R$ 925 mil. Mas foi reavaliada para R$ 14,4 milh\u00f5es na \u00e9poca do bloqueio de metade das a\u00e7\u00f5es da Agropecu\u00e1ria Palma. O patrim\u00f4nio bloqueado, segundo o advogado Guilherme Campelo, que representa a fam\u00edlia Roriz na causa, corresponde hoje a mais de R$ 60 milh\u00f5es.<\/p>\n<p><strong>Sem recursos protelat\u00f3rios<br \/>\n<\/strong>A fam\u00edlia de Roriz havia vencido no m\u00e9rito, mas diversos recursos protelat\u00f3rios impediam o desbloqueio. Ao negar um recurso que questiona a decis\u00e3o favor\u00e1vel \u00e0 fam\u00edlia Roriz, o ministro Marco Aur\u00e9lio Belizze, do STJ, foi enf\u00e1tico: &#8220;a insist\u00eancia injustificada no prosseguimento do feito, caracterizada pela apresenta\u00e7\u00e3o de recursos manifestamente inadmiss\u00edveis ou protelat\u00f3rios contra esta decis\u00e3o&#8221; resultar\u00e1 em aplica\u00e7\u00e3o de multas.<\/p>\n","protected":false},"excerpt":{"rendered":"<p>O STJ liberou, depois de nove anos, 50% das a\u00e7\u00f5es da Agropecu\u00e1ria Palma que estavam bloqueadas por decis\u00e3o judicial desde 2013<\/p>\n","protected":false},"author":9,"featured_media":1469,"comment_status":"open","ping_status":"open","sticky":false,"template":"","format":"standard","meta":{"footnotes":""},"categories":[247],"tags":[353],"class_list":["post-1468","post","type-post","status-publish","format-standard","has-post-thumbnail","hentry","category-eixo-capital","tag-roriz"],"_links":{"self":[{"href":"https:\/\/blogs.correiobraziliense.com.br\/eixocapital\/wp-json\/wp\/v2\/posts\/1468","targetHints":{"allow":["GET"]}}],"collection":[{"href":"https:\/\/blogs.correiobraziliense.com.br\/eixocapital\/wp-json\/wp\/v2\/posts"}],"about":[{"href":"https:\/\/blogs.correiobraziliense.com.br\/eixocapital\/wp-json\/wp\/v2\/types\/post"}],"author":[{"embeddable":true,"href":"https:\/\/blogs.correiobraziliense.com.br\/eixocapital\/wp-json\/wp\/v2\/users\/9"}],"replies":[{"embeddable":true,"href":"https:\/\/blogs.correiobraziliense.com.br\/eixocapital\/wp-json\/wp\/v2\/comments?post=1468"}],"version-history":[{"count":1,"href":"https:\/\/blogs.correiobraziliense.com.br\/eixocapital\/wp-json\/wp\/v2\/posts\/1468\/revisions"}],"predecessor-version":[{"id":1470,"href":"https:\/\/blogs.correiobraziliense.com.br\/eixocapital\/wp-json\/wp\/v2\/posts\/1468\/revisions\/1470"}],"wp:featuredmedia":[{"embeddable":true,"href":"https:\/\/blogs.correiobraziliense.com.br\/eixocapital\/wp-json\/wp\/v2\/media\/1469"}],"wp:attachment":[{"href":"https:\/\/blogs.correiobraziliense.com.br\/eixocapital\/wp-json\/wp\/v2\/media?parent=1468"}],"wp:term":[{"taxonomy":"category","embeddable":true,"href":"https:\/\/blogs.correiobraziliense.com.br\/eixocapital\/wp-json\/wp\/v2\/categories?post=1468"},{"taxonomy":"post_tag","embeddable":true,"href":"https:\/\/blogs.correiobraziliense.com.br\/eixocapital\/wp-json\/wp\/v2\/tags?post=1468"}],"curies":[{"name":"wp","href":"https:\/\/api.w.org\/{rel}","templated":true}]}}