{"id":1461,"date":"2022-05-27T07:50:57","date_gmt":"2022-05-27T10:50:57","guid":{"rendered":"https:\/\/blogs.correiobraziliense.com.br\/eixocapital\/?p=1461"},"modified":"2022-05-27T07:50:57","modified_gmt":"2022-05-27T10:50:57","slug":"decisao-a-favor-de-arruda-pode-embaralhar-o-jogo-eleitoral-no-df","status":"publish","type":"post","link":"https:\/\/blogs.correiobraziliense.com.br\/eixocapital\/2022\/05\/27\/decisao-a-favor-de-arruda-pode-embaralhar-o-jogo-eleitoral-no-df\/","title":{"rendered":"Decis\u00e3o a favor de Arruda pode embaralhar o jogo eleitoral no DF"},"content":{"rendered":"<p><strong>Coluna Eixo Capital, por Ana Maria Campos<\/strong><\/p>\n<p>O cen\u00e1rio eleitoral do Distrito Federal s\u00f3 dever\u00e1 clarear no registro das candidaturas em meados de agosto. <a href=\"https:\/\/blogs.correiobraziliense.com.br\/cbpoder\/stf-anula-outra-condenacao-de-arruda-que-agora-pode-disputar-eleicoes\/\"><strong>A decis\u00e3o do ministro Andr\u00e9 Mendon\u00e7a, do Supremo Tribunal Federal (STF)<\/strong><\/a>, tem potencial para embaralhar o jogo na capital do pa\u00eds. Arruda ter\u00e1 de decidir se vai concorrer nestas elei\u00e7\u00f5es e se ser\u00e1 candidato ao governo. Ele pode tamb\u00e9m escolher disputar outro cargo.<\/p>\n<p><strong>Chapa Bolsonaro<br \/>\n<\/strong>Se Arruda (PL) decidir concorrer ao Pal\u00e1cio do Buriti, uma nova chapa pode surgir com os partidos da base do presidente Jair Bolsonaro. Arruda como candidato ao governo e Damares Alves (Republicanos) ao Senado. Neste caso, a deputada Fl\u00e1via Arruda (PL) poderia concorrer \u00e0 reelei\u00e7\u00e3o, puxando votos para eleger uma bancada forte do PL.<\/p>\n<p><strong>Estrat\u00e9gia<br \/>\n<\/strong>Avalia\u00e7\u00e3o de um experiente pol\u00edtico do DF sobre o que parece uma incerteza de Reguffe (UB) com a demora em anunciar sua candidatura. A quatro meses da elei\u00e7\u00e3o, o cen\u00e1rio est\u00e1 muito indefinido nas candidaturas majorit\u00e1rias e o caminho pode mudar pela conjuntura. Mas a press\u00e3o decorre da expectativa dos aliados em acertar seus pr\u00f3prios rumos.<\/p>\n<p><strong>Dividindo slogan<br \/>\n<\/strong>A ex-ministra Damares Alves usou em algumas postagens na semana passada o slogan usado por Arruda em outras campanhas: &#8220;Amor por Bras\u00edlia&#8221;. Seria o pren\u00fancio de uma chapa \u00fanica?<\/p>\n<p><strong>Juntos<br \/>\n<\/strong>Enquanto as costuras pol\u00edticas ocorrem, o governador Ibaneis Rocha (MDB) trabalha afinado com a deputada Fl\u00e1via Arruda (PL-DF), dividindo a agenda.<\/p>\n<p>&nbsp;<\/p>\n","protected":false},"excerpt":{"rendered":"<p>A decis\u00e3o do ministro Andr\u00e9 Mendon\u00e7a, do STF, tem potencial para embaralhar o jogo. Arruda ter\u00e1 de decidir se ser\u00e1 candidato ao governo<\/p>\n","protected":false},"author":9,"featured_media":1463,"comment_status":"open","ping_status":"open","sticky":false,"template":"","format":"standard","meta":{"footnotes":""},"categories":[247],"tags":[503,29,107,519,462],"class_list":["post-1461","post","type-post","status-publish","format-standard","has-post-thumbnail","hentry","category-eixo-capital","tag-damares-alves","tag-eleicoes-2022","tag-flavia-arruda","tag-jair-bolsonaro","tag-jose-roberto-arruda"],"_links":{"self":[{"href":"https:\/\/blogs.correiobraziliense.com.br\/eixocapital\/wp-json\/wp\/v2\/posts\/1461","targetHints":{"allow":["GET"]}}],"collection":[{"href":"https:\/\/blogs.correiobraziliense.com.br\/eixocapital\/wp-json\/wp\/v2\/posts"}],"about":[{"href":"https:\/\/blogs.correiobraziliense.com.br\/eixocapital\/wp-json\/wp\/v2\/types\/post"}],"author":[{"embeddable":true,"href":"https:\/\/blogs.correiobraziliense.com.br\/eixocapital\/wp-json\/wp\/v2\/users\/9"}],"replies":[{"embeddable":true,"href":"https:\/\/blogs.correiobraziliense.com.br\/eixocapital\/wp-json\/wp\/v2\/comments?post=1461"}],"version-history":[{"count":1,"href":"https:\/\/blogs.correiobraziliense.com.br\/eixocapital\/wp-json\/wp\/v2\/posts\/1461\/revisions"}],"predecessor-version":[{"id":1464,"href":"https:\/\/blogs.correiobraziliense.com.br\/eixocapital\/wp-json\/wp\/v2\/posts\/1461\/revisions\/1464"}],"wp:featuredmedia":[{"embeddable":true,"href":"https:\/\/blogs.correiobraziliense.com.br\/eixocapital\/wp-json\/wp\/v2\/media\/1463"}],"wp:attachment":[{"href":"https:\/\/blogs.correiobraziliense.com.br\/eixocapital\/wp-json\/wp\/v2\/media?parent=1461"}],"wp:term":[{"taxonomy":"category","embeddable":true,"href":"https:\/\/blogs.correiobraziliense.com.br\/eixocapital\/wp-json\/wp\/v2\/categories?post=1461"},{"taxonomy":"post_tag","embeddable":true,"href":"https:\/\/blogs.correiobraziliense.com.br\/eixocapital\/wp-json\/wp\/v2\/tags?post=1461"}],"curies":[{"name":"wp","href":"https:\/\/api.w.org\/{rel}","templated":true}]}}