{"id":1458,"date":"2022-05-26T07:48:15","date_gmt":"2022-05-26T10:48:15","guid":{"rendered":"https:\/\/blogs.correiobraziliense.com.br\/eixocapital\/?p=1458"},"modified":"2022-05-26T07:48:15","modified_gmt":"2022-05-26T10:48:15","slug":"psb-df-reafirma-pre-candidatura-de-rafael-parente","status":"publish","type":"post","link":"https:\/\/blogs.correiobraziliense.com.br\/eixocapital\/2022\/05\/26\/psb-df-reafirma-pre-candidatura-de-rafael-parente\/","title":{"rendered":"PSB-DF reafirma pr\u00e9-candidatura de Rafael Parente"},"content":{"rendered":"<p><strong>Coluna Eixo Capital, por Ana Maria Campos<\/strong><\/p>\n<p>O presidente do PSB-DF, Rodrigo Dias, reafirmou, ontem, a disposi\u00e7\u00e3o do partido em ter <a href=\"https:\/\/blogs.correiobraziliense.com.br\/eixocapital\/2022\/01\/23\/rafael-parente-entrevista\/\"><strong>candidatura pr\u00f3pria ao governo, com Rafael Parente<\/strong><\/a>. &#8220;Parente tem o maior crescimento e \u00e9 o mais competitivo, segundo as pesquisas, dentre os pr\u00e9-candidatos para enfrentar o atual governador, Ibaneis Rocha, nas elei\u00e7\u00f5es de 2022&#8221;, aposta. O problema \u00e9 que a federa\u00e7\u00e3o PT-PV-PCdoB acertou que o pr\u00e9-candidato ao governo \u00e9 Leandro Grass (PV) e n\u00e3o abre m\u00e3o de ter um nome do PT na disputa ao Senado. E mais: para vice de Leandro, at\u00e9 gostariam de ter algu\u00e9m do PSB. Mas teria que ser uma mulher. Para fechar essa equa\u00e7\u00e3o e liderar a chapa, Parente precisar\u00e1 de uma interven\u00e7\u00e3o nacional.<\/p>\n<p><strong>\u00c0 espera de Reguffe<br \/>\n<\/strong>Sobre o <a href=\"https:\/\/blogs.correiobraziliense.com.br\/cbpoder\/partidos-fecham-alianca-em-torno-de-reguffe\/\"><strong>pacto de Reguffe<\/strong><\/a> para caminhar com Podemos, Cidadania, Pros, Uni\u00e3o Brasil e Novo, Rafael Parente (PSB) disse \u00e0 coluna: &#8220;n\u00f3s acreditamos que viabilizaremos a parceria e o apoio do senador Reguffe \u00e0 nossa futura candidatura ao Governo do Distrito Federal. Reguffe \u00e9 inteligente e estrat\u00e9gico. Estar\u00e1 conosco&#8221;.<\/p>\n","protected":false},"excerpt":{"rendered":"<p>O presidente do PSB-DF, Rodrigo Dias, reafirmou, ontem, a disposi\u00e7\u00e3o do partido em ter candidatura pr\u00f3pria ao governo, com Rafael Parente<\/p>\n","protected":false},"author":9,"featured_media":1459,"comment_status":"open","ping_status":"open","sticky":false,"template":"","format":"standard","meta":{"footnotes":""},"categories":[247],"tags":[29,160,518,194],"class_list":["post-1458","post","type-post","status-publish","format-standard","has-post-thumbnail","hentry","category-eixo-capital","tag-eleicoes-2022","tag-leandro-grass","tag-rafael-parante","tag-reguffe"],"_links":{"self":[{"href":"https:\/\/blogs.correiobraziliense.com.br\/eixocapital\/wp-json\/wp\/v2\/posts\/1458","targetHints":{"allow":["GET"]}}],"collection":[{"href":"https:\/\/blogs.correiobraziliense.com.br\/eixocapital\/wp-json\/wp\/v2\/posts"}],"about":[{"href":"https:\/\/blogs.correiobraziliense.com.br\/eixocapital\/wp-json\/wp\/v2\/types\/post"}],"author":[{"embeddable":true,"href":"https:\/\/blogs.correiobraziliense.com.br\/eixocapital\/wp-json\/wp\/v2\/users\/9"}],"replies":[{"embeddable":true,"href":"https:\/\/blogs.correiobraziliense.com.br\/eixocapital\/wp-json\/wp\/v2\/comments?post=1458"}],"version-history":[{"count":1,"href":"https:\/\/blogs.correiobraziliense.com.br\/eixocapital\/wp-json\/wp\/v2\/posts\/1458\/revisions"}],"predecessor-version":[{"id":1460,"href":"https:\/\/blogs.correiobraziliense.com.br\/eixocapital\/wp-json\/wp\/v2\/posts\/1458\/revisions\/1460"}],"wp:featuredmedia":[{"embeddable":true,"href":"https:\/\/blogs.correiobraziliense.com.br\/eixocapital\/wp-json\/wp\/v2\/media\/1459"}],"wp:attachment":[{"href":"https:\/\/blogs.correiobraziliense.com.br\/eixocapital\/wp-json\/wp\/v2\/media?parent=1458"}],"wp:term":[{"taxonomy":"category","embeddable":true,"href":"https:\/\/blogs.correiobraziliense.com.br\/eixocapital\/wp-json\/wp\/v2\/categories?post=1458"},{"taxonomy":"post_tag","embeddable":true,"href":"https:\/\/blogs.correiobraziliense.com.br\/eixocapital\/wp-json\/wp\/v2\/tags?post=1458"}],"curies":[{"name":"wp","href":"https:\/\/api.w.org\/{rel}","templated":true}]}}