{"id":1451,"date":"2022-05-26T07:36:51","date_gmt":"2022-05-26T10:36:51","guid":{"rendered":"https:\/\/blogs.correiobraziliense.com.br\/eixocapital\/?p=1451"},"modified":"2022-05-26T07:36:51","modified_gmt":"2022-05-26T10:36:51","slug":"encontro-do-pt-vai-discutir-candidatos-e-estrategias-no-df","status":"publish","type":"post","link":"https:\/\/blogs.correiobraziliense.com.br\/eixocapital\/2022\/05\/26\/encontro-do-pt-vai-discutir-candidatos-e-estrategias-no-df\/","title":{"rendered":"Encontro do PT vai discutir candidatos e estrat\u00e9gias no DF"},"content":{"rendered":"<p><strong>Coluna Eixo Capital, por Ana Maria Campos<\/strong><\/p>\n<p>O presidente do PT-DF, Jacy Afonso, testou positivo novamente para covid-19. No ano passado, ele chegou a ser internado, quando foi infectado pelo novo coronav\u00edrus. Dessa vez, est\u00e1 com sintomas de uma gripe forte. De licen\u00e7a m\u00e9dica, Jacy foi substitu\u00eddo interinamente na presid\u00eancia do partido pela deputada distrital Arlete Sampaio, que vai conduzir o encontro do PT marcado para amanh\u00e3 e s\u00e1bado.<\/p>\n<p><strong>Nominatas<br \/>\n<\/strong>Originalmente marcado para 13 e 14 de maio, o encontro do PT-DF vai discutir estrat\u00e9gias eleitorais e definir a nominata de candidato proporcionais a deputado federal e distrital. Erika Kokay, Agnelo Queiroz e Roberto Policarpo s\u00e3o alguns dos concorrentes a federal.<\/p>\n<p><strong>Oficial<br \/>\n<\/strong>O deputado Leandro Grass (PV) vai participar do encontro do PT no pr\u00f3ximo s\u00e1bado na condi\u00e7\u00e3o de <a href=\"https:\/\/blogs.correiobraziliense.com.br\/eixocapital\/2022\/05\/12\/leandro-grass-e-o-pre-candidato-no-df-da-coligacao-de-lula\/\">pr\u00e9-candidato da federa\u00e7\u00e3o PT-PV-PCdB ao Governo do Distrito Federal<\/a>.<\/p>\n","protected":false},"excerpt":{"rendered":"<p>A deputada distrital Arlete Sampaio vai conduzir o encontro do PT marcado para amanh\u00e3 e s\u00e1bado para discurtir estrat\u00e9gias do PT nas elei\u00e7\u00f5es<\/p>\n","protected":false},"author":9,"featured_media":1452,"comment_status":"open","ping_status":"open","sticky":false,"template":"","format":"standard","meta":{"footnotes":""},"categories":[247],"tags":[516,29,160,76],"class_list":["post-1451","post","type-post","status-publish","format-standard","has-post-thumbnail","hentry","category-eixo-capital","tag-arlete-sampaio","tag-eleicoes-2022","tag-leandro-grass","tag-pt"],"_links":{"self":[{"href":"https:\/\/blogs.correiobraziliense.com.br\/eixocapital\/wp-json\/wp\/v2\/posts\/1451","targetHints":{"allow":["GET"]}}],"collection":[{"href":"https:\/\/blogs.correiobraziliense.com.br\/eixocapital\/wp-json\/wp\/v2\/posts"}],"about":[{"href":"https:\/\/blogs.correiobraziliense.com.br\/eixocapital\/wp-json\/wp\/v2\/types\/post"}],"author":[{"embeddable":true,"href":"https:\/\/blogs.correiobraziliense.com.br\/eixocapital\/wp-json\/wp\/v2\/users\/9"}],"replies":[{"embeddable":true,"href":"https:\/\/blogs.correiobraziliense.com.br\/eixocapital\/wp-json\/wp\/v2\/comments?post=1451"}],"version-history":[{"count":2,"href":"https:\/\/blogs.correiobraziliense.com.br\/eixocapital\/wp-json\/wp\/v2\/posts\/1451\/revisions"}],"predecessor-version":[{"id":1454,"href":"https:\/\/blogs.correiobraziliense.com.br\/eixocapital\/wp-json\/wp\/v2\/posts\/1451\/revisions\/1454"}],"wp:featuredmedia":[{"embeddable":true,"href":"https:\/\/blogs.correiobraziliense.com.br\/eixocapital\/wp-json\/wp\/v2\/media\/1452"}],"wp:attachment":[{"href":"https:\/\/blogs.correiobraziliense.com.br\/eixocapital\/wp-json\/wp\/v2\/media?parent=1451"}],"wp:term":[{"taxonomy":"category","embeddable":true,"href":"https:\/\/blogs.correiobraziliense.com.br\/eixocapital\/wp-json\/wp\/v2\/categories?post=1451"},{"taxonomy":"post_tag","embeddable":true,"href":"https:\/\/blogs.correiobraziliense.com.br\/eixocapital\/wp-json\/wp\/v2\/tags?post=1451"}],"curies":[{"name":"wp","href":"https:\/\/api.w.org\/{rel}","templated":true}]}}