{"id":1446,"date":"2022-05-26T07:25:46","date_gmt":"2022-05-26T10:25:46","guid":{"rendered":"https:\/\/blogs.correiobraziliense.com.br\/eixocapital\/?p=1446"},"modified":"2022-05-26T07:25:46","modified_gmt":"2022-05-26T10:25:46","slug":"flavia-arruda-cumpre-missao-do-planalto-no-pleito-da-camara","status":"publish","type":"post","link":"https:\/\/blogs.correiobraziliense.com.br\/eixocapital\/2022\/05\/26\/flavia-arruda-cumpre-missao-do-planalto-no-pleito-da-camara\/","title":{"rendered":"Fl\u00e1via Arruda cumpre miss\u00e3o do Planalto no pleito da C\u00e2mara"},"content":{"rendered":"<p><strong>Coluna Eixo Capital, por Ana Maria Campos<\/strong><\/p>\n<p>Ex-ministra do governo Bolsonaro, a deputada Fl\u00e1via Arruda (PL-DF) entrou na disputa pela vice-presid\u00eancia da C\u00e2mara para cumprir uma miss\u00e3o do Pal\u00e1cio do Planalto. Segundo integrantes do PL que participaram das articula\u00e7\u00f5es, a Presid\u00eancia da Rep\u00fablica apostou em candidaturas avulsas no PL \u2014 dono de vaga \u2014 para evitar o surgimento e o crescimento de um nome desalinhado com o Executivo. O preferido do presidente Jair Bolsonaro era o deputado Vitor Hugo (PL-GO), que n\u00e3o se viabilizou e nem concorreu. Fl\u00e1via entrou no jogo e, depois, iniciou um trabalho para construir um acordo e retirar a sua candidatura. Mas o presidente da C\u00e2mara, Arthur Lira (PP-AL), abriu a vota\u00e7\u00e3o ontem antes da conclus\u00e3o do acordo. Fl\u00e1via acabou em segundo lugar, com 83 votos, e o deputado Lincoln Portela (PL-MG), que teve 232 votos, vai substituir Marcelo Ramos (PSD-AM) na vice-presid\u00eancia da C\u00e2mara.<\/p>\n<p><strong>Overdose<br \/>\n<\/strong>Entre deputados, a avalia\u00e7\u00e3o, ontem, era de que Fl\u00e1via Arruda (PL-DF) j\u00e1 ocupou cargos estrat\u00e9gicos demais para uma parlamentar em primeira legislatura. Ela foi presidente da Comiss\u00e3o Mista do Or\u00e7amento e secret\u00e1ria de Governo da Presid\u00eancia da Rep\u00fablica. Dois postos cobi\u00e7ad\u00edssimos. A vice-presid\u00eancia da C\u00e2mara dos Deputados seria overdose.<\/p>\n","protected":false},"excerpt":{"rendered":"<p>Fl\u00e1via entrou no jogo e iniciou um trabalho para construir um acordo e retirar a candidatura. Mas Arthur Lira abriu a vota\u00e7\u00e3o antes da conclus\u00e3o do acordo<\/p>\n","protected":false},"author":9,"featured_media":1447,"comment_status":"open","ping_status":"open","sticky":false,"template":"","format":"standard","meta":{"footnotes":""},"categories":[247],"tags":[101,107],"class_list":["post-1446","post","type-post","status-publish","format-standard","has-post-thumbnail","hentry","category-eixo-capital","tag-camara-dos-deputados","tag-flavia-arruda"],"_links":{"self":[{"href":"https:\/\/blogs.correiobraziliense.com.br\/eixocapital\/wp-json\/wp\/v2\/posts\/1446","targetHints":{"allow":["GET"]}}],"collection":[{"href":"https:\/\/blogs.correiobraziliense.com.br\/eixocapital\/wp-json\/wp\/v2\/posts"}],"about":[{"href":"https:\/\/blogs.correiobraziliense.com.br\/eixocapital\/wp-json\/wp\/v2\/types\/post"}],"author":[{"embeddable":true,"href":"https:\/\/blogs.correiobraziliense.com.br\/eixocapital\/wp-json\/wp\/v2\/users\/9"}],"replies":[{"embeddable":true,"href":"https:\/\/blogs.correiobraziliense.com.br\/eixocapital\/wp-json\/wp\/v2\/comments?post=1446"}],"version-history":[{"count":1,"href":"https:\/\/blogs.correiobraziliense.com.br\/eixocapital\/wp-json\/wp\/v2\/posts\/1446\/revisions"}],"predecessor-version":[{"id":1448,"href":"https:\/\/blogs.correiobraziliense.com.br\/eixocapital\/wp-json\/wp\/v2\/posts\/1446\/revisions\/1448"}],"wp:featuredmedia":[{"embeddable":true,"href":"https:\/\/blogs.correiobraziliense.com.br\/eixocapital\/wp-json\/wp\/v2\/media\/1447"}],"wp:attachment":[{"href":"https:\/\/blogs.correiobraziliense.com.br\/eixocapital\/wp-json\/wp\/v2\/media?parent=1446"}],"wp:term":[{"taxonomy":"category","embeddable":true,"href":"https:\/\/blogs.correiobraziliense.com.br\/eixocapital\/wp-json\/wp\/v2\/categories?post=1446"},{"taxonomy":"post_tag","embeddable":true,"href":"https:\/\/blogs.correiobraziliense.com.br\/eixocapital\/wp-json\/wp\/v2\/tags?post=1446"}],"curies":[{"name":"wp","href":"https:\/\/api.w.org\/{rel}","templated":true}]}}