{"id":1443,"date":"2022-05-25T07:36:17","date_gmt":"2022-05-25T10:36:17","guid":{"rendered":"https:\/\/blogs.correiobraziliense.com.br\/eixocapital\/?p=1443"},"modified":"2022-05-25T07:36:17","modified_gmt":"2022-05-25T10:36:17","slug":"bancada-do-df-vota-em-peso-a-favor-do-homeschooling-placar-de-6-x-2","status":"publish","type":"post","link":"https:\/\/blogs.correiobraziliense.com.br\/eixocapital\/2022\/05\/25\/bancada-do-df-vota-em-peso-a-favor-do-homeschooling-placar-de-6-x-2\/","title":{"rendered":"Bancada do DF vota em peso a favor do homeschooling: placar de 6 x 2"},"content":{"rendered":"<p><strong>Coluna Eixo Capital, por Ana Maria Campos<\/strong><\/p>\n<p>Uma das bandeiras do governo Bolsonaro, o projeto que regulamenta o<a href=\"https:\/\/www.correiobraziliense.com.br\/politica\/2022\/05\/5008971-pl-do-ensino-em-casa-avanca.html\"><strong> homeschooling<\/strong><\/a>, a educa\u00e7\u00e3o domiciliar, teve o apoio de seis dos oito deputados do DF. Bia Kicis (PL), Celina Le\u00e3o (PP), Fl\u00e1via Arruda (PL), J\u00falio C\u00e9sar Ribeiro (Republicanos), Luis Miranda (Republicanos) e Paula Belmonte (Cidadania) votaram sim. \u00c9rika Kokay (PT) e Professor Israel Batista (PSB) disseram n\u00e3o. O placar demonstra o vi\u00e9s mais \u00e0 direita da bancada eleita em 2018. A proposta, uma das prioridades da atual gest\u00e3o, \u00e9 controversa e desperta debates acalorados entre educadores. A aprova\u00e7\u00e3o, na semana passada, foi uma vit\u00f3ria do governo Bolsonaro.<\/p>\n<h3>Mia Couto disputa pr\u00eamio no DF<\/h3>\n<p>Entre os 2,2 mil inscritos no I Pr\u00eamio Candango de Literatura em l\u00edngua portuguesa, da Secretaria de Cultura e Economia Criativa, est\u00e1 um membro da Academia Brasileira de Letras (ABL). O escritor, poeta e jornalista mo\u00e7ambicano Mia Couto est\u00e1 na disputa do pr\u00eamio que tem curadoria de Ign\u00e1cio de Loyola Brand\u00e3o. Ser\u00e3o R$ 180 mil distribu\u00eddos em oito categorias \u2014 romance, conto, poesia, Pr\u00eamio Bras\u00edlia, Capa, Projeto gr\u00e1fico e duas linhas de incentivo \u00e0 leitura (Geral e Pessoa com defici\u00eancia).<\/p>\n<p><strong>Espa\u00e7o aberto<br \/>\n<\/strong>A chance de vit\u00f3ria de um candidato ao Senado ligado \u00e0 campanha de Lula \u00e9 boa. <a href=\"https:\/\/blogs.correiobraziliense.com.br\/eixocapital\/2022\/05\/20\/corrida-ao-senado-pelo-df-ja-tem-oito-pre-candidatos\/\"><strong>At\u00e9 o momento, na centro-direita, h\u00e1 seis nomes no p\u00e1reo<\/strong><\/a>: Fl\u00e1via Arruda (PL), Damares Alves (Republicanos), Paulo Oct\u00e1vio (PSD), Paula Belmonte (Cidadania), Gim Argello (Pros). Do outro lado, por ora, apenas uma, que vai sair da <a href=\"https:\/\/blogs.correiobraziliense.com.br\/cbpoder\/magela-acata-decisao-do-pt-nacional-e-agora-e-pre-candidato-ao-senado\/\"><strong>disputa no PT<\/strong><\/a> entre Geraldo Magela e Rosilene Corr\u00eaa.<\/p>\n<p><strong>In pectore<br \/>\n<\/strong>Jair Bolsonaro tem dito a l\u00edderes evang\u00e9licos que Damares Alves (Republicanos) \u00e9 a sua pr\u00e9-candidata ao Senado no Distrito Federal. O presidente garante tamb\u00e9m que, se for reeleito, Damares ser\u00e1 ministra novamente. Portanto, a supl\u00eancia da pastora vale ouro. Entre evang\u00e9licos, h\u00e1 uma demanda de que seja algu\u00e9m da igreja. O PP quer a vaga.<\/p>\n<p><strong>Sob medida<br \/>\n<\/strong>O Republicanos procura um local para a festa de lan\u00e7amento da pr\u00e9-candidatura de Damares Alves ao Senado que n\u00e3o seja t\u00e3o grande a ponto de deixar espa\u00e7os vazios, nem t\u00e3o pequeno que pare\u00e7a uma festa com baixa ades\u00e3o.<\/p>\n<p><strong>Objetivo comum<br \/>\n<\/strong>O senador Izalci Lucas (PSDB) e o deputado distrital Leandro Grass (PV) almo\u00e7aram juntos ontem em restaurante na Asa Sul. \u00c9 inusitado, considerando-se que ambos s\u00e3o pr\u00e9-candidatos ao Pal\u00e1cio do Buriti e estar\u00e3o em chapas distintas, qualquer que seja o desfecho das negocia\u00e7\u00f5es em seus grupos pol\u00edticos. Mas ambos t\u00eam um ponto em comum: querem derrotar o governador Ibaneis Rocha (MDB). Se um deles estiver no segundo turno ter\u00e1 o apoio do outro.<\/p>\n<p><strong>Por enquanto, conversas<br \/>\n<\/strong>O PV teve conversa informal com o PSB para formarem uma coliga\u00e7\u00e3o no DF e, havendo concord\u00e2ncia na federa\u00e7\u00e3o, indicarem a candidata a vice na chapa de Leandro Grass. Mas a conversa formal ser\u00e1 pela federa\u00e7\u00e3o.<\/p>\n<p><strong>Candidatura cancelada<br \/>\n<\/strong>Ex-administrador regional de Taguatinga e do Cruzeiro, hoje Coordenador Nacional do Setorial de Moradia do PT, Ant\u00f4nio Sabino n\u00e3o ser\u00e1 candidato a nenhum dos cargos proporcionais nas pr\u00f3ximas elei\u00e7\u00f5es. Em 2018, ele ficou na supl\u00eancia. Ele apoiar\u00e1 Roberto Policarpo e Ricardo Vale, para a C\u00e2mara Federal e Legislativa, respectivamente.<\/p>\n<p><strong>Direitos humanos detalhados<br \/>\n<\/strong>Os servidores Andr\u00e9 Sathler e Renato Ferreira, da C\u00e2mara dos Deputados, lan\u00e7am amanh\u00e3 a <em>Declara\u00e7\u00e3o Universal de Direitos Humanos Comentada<\/em>. O livro cont\u00e9m o texto oficial da Declara\u00e7\u00e3o, uma contextualiza\u00e7\u00e3o explicativa, com coment\u00e1rios espec\u00edficos para cada artigo da norma, organizados em quatro diferentes partes: Entenda, N\u00e3o confunda, Saiba mais e Veja como \u00e9 no Brasil. Os autores pretendem, com a obra, esmiu\u00e7ar cada artigo para que a compreens\u00e3o possa fazer a diferen\u00e7a na vida das pessoas. O lan\u00e7amento ser\u00e1 no Sal\u00e3o Nobre da C\u00e2mara dos Deputados, a partir de 10h30.<\/p>\n","protected":false},"excerpt":{"rendered":"<p>O placar demonstra o vi\u00e9s mais \u00e0 direita da bancada eleita em 2018. A aprova\u00e7\u00e3o, na semana passada, foi uma vit\u00f3ria do governo Bolsonaro.<\/p>\n","protected":false},"author":9,"featured_media":1444,"comment_status":"open","ping_status":"open","sticky":false,"template":"","format":"standard","meta":{"footnotes":""},"categories":[247],"tags":[101,503,514,513,160,515],"class_list":["post-1443","post","type-post","status-publish","format-standard","has-post-thumbnail","hentry","category-eixo-capital","tag-camara-dos-deputados","tag-damares-alves","tag-educacao","tag-homeschooling","tag-leandro-grass","tag-premio-candango-de-literatura-em-lingua-portuguesa"],"_links":{"self":[{"href":"https:\/\/blogs.correiobraziliense.com.br\/eixocapital\/wp-json\/wp\/v2\/posts\/1443","targetHints":{"allow":["GET"]}}],"collection":[{"href":"https:\/\/blogs.correiobraziliense.com.br\/eixocapital\/wp-json\/wp\/v2\/posts"}],"about":[{"href":"https:\/\/blogs.correiobraziliense.com.br\/eixocapital\/wp-json\/wp\/v2\/types\/post"}],"author":[{"embeddable":true,"href":"https:\/\/blogs.correiobraziliense.com.br\/eixocapital\/wp-json\/wp\/v2\/users\/9"}],"replies":[{"embeddable":true,"href":"https:\/\/blogs.correiobraziliense.com.br\/eixocapital\/wp-json\/wp\/v2\/comments?post=1443"}],"version-history":[{"count":1,"href":"https:\/\/blogs.correiobraziliense.com.br\/eixocapital\/wp-json\/wp\/v2\/posts\/1443\/revisions"}],"predecessor-version":[{"id":1445,"href":"https:\/\/blogs.correiobraziliense.com.br\/eixocapital\/wp-json\/wp\/v2\/posts\/1443\/revisions\/1445"}],"wp:featuredmedia":[{"embeddable":true,"href":"https:\/\/blogs.correiobraziliense.com.br\/eixocapital\/wp-json\/wp\/v2\/media\/1444"}],"wp:attachment":[{"href":"https:\/\/blogs.correiobraziliense.com.br\/eixocapital\/wp-json\/wp\/v2\/media?parent=1443"}],"wp:term":[{"taxonomy":"category","embeddable":true,"href":"https:\/\/blogs.correiobraziliense.com.br\/eixocapital\/wp-json\/wp\/v2\/categories?post=1443"},{"taxonomy":"post_tag","embeddable":true,"href":"https:\/\/blogs.correiobraziliense.com.br\/eixocapital\/wp-json\/wp\/v2\/tags?post=1443"}],"curies":[{"name":"wp","href":"https:\/\/api.w.org\/{rel}","templated":true}]}}