{"id":1438,"date":"2022-05-22T19:43:33","date_gmt":"2022-05-22T22:43:33","guid":{"rendered":"https:\/\/blogs.correiobraziliense.com.br\/eixocapital\/?p=1438"},"modified":"2022-05-22T19:43:33","modified_gmt":"2022-05-22T22:43:33","slug":"ibaneis-doou-r-690-mil-em-salarios-ate-agora","status":"publish","type":"post","link":"https:\/\/blogs.correiobraziliense.com.br\/eixocapital\/2022\/05\/22\/ibaneis-doou-r-690-mil-em-salarios-ate-agora\/","title":{"rendered":"Ibaneis doou R$ 690 mil em sal\u00e1rios at\u00e9 agora"},"content":{"rendered":"<h4>ANA MARIA CAMPOS\/EIXO CAPITAL<\/h4>\n<p>&nbsp;<\/p>\n<p>Em tr\u00eas anos e quatro meses \u00e0 frente do Pal\u00e1cio do Buriti, o governador Ibaneis Rocha (MDB) abriu m\u00e3o de R$ 690.372,50 em sal\u00e1rios. O valor correspondente aos vencimentos de 2019 a 2021.<\/p>\n<p>&nbsp;<\/p>\n<p>O dinheiro foi repassado para o Instituto do Carinho, Obra Social Nossa Senhora da Gl\u00f3ria \u2014 Fazenda da Esperan\u00e7a, Associa\u00e7\u00e3o Casa da Recupera\u00e7\u00e3o Vida Nova, Centro de Reintegra\u00e7\u00e3o Deus Prover\u00e1, Comunidade de Renova\u00e7\u00e3o Esperan\u00e7a e Vida (Crevin) \u2014 Lar do Idoso e Casa do Cear\u00e1.<\/p>\n<p>Por causa da legisla\u00e7\u00e3o eleitoral, em 2022, ele n\u00e3o doou os sal\u00e1rios ainda neste ano. O dinheiro est\u00e1 sendo aplicado numa conta banc\u00e1ria e ser\u00e1 doado no fim do ano. Falta ainda definir quais entidades ser\u00e3o beneficiadas.<\/p>\n<p>&nbsp;<\/p>\n<p>At\u00e9 o fim do mandato, a doa\u00e7\u00e3o dever\u00e1 chegar a R$ 930,3 mil.<\/p>\n<p>&nbsp;<\/p>\n","protected":false},"excerpt":{"rendered":"<p>ANA MARIA CAMPOS\/EIXO CAPITAL &nbsp; Em tr\u00eas anos e quatro meses \u00e0 frente do Pal\u00e1cio do Buriti, o governador Ibaneis Rocha (MDB) abriu m\u00e3o de R$ 690.372,50 em sal\u00e1rios. O valor correspondente aos vencimentos de 2019 a 2021. &nbsp; O dinheiro foi repassado para o Instituto do Carinho, Obra Social Nossa Senhora da Gl\u00f3ria \u2014 Fazenda da Esperan\u00e7a, Associa\u00e7\u00e3o Casa [&hellip;]<\/p>\n","protected":false},"author":9,"featured_media":636,"comment_status":"open","ping_status":"open","sticky":false,"template":"","format":"standard","meta":{"footnotes":""},"categories":[247],"tags":[511,53,510],"class_list":["post-1438","post","type-post","status-publish","format-standard","has-post-thumbnail","hentry","category-eixo-capital","tag-doacao","tag-ibaneis-rocha","tag-salarios"],"_links":{"self":[{"href":"https:\/\/blogs.correiobraziliense.com.br\/eixocapital\/wp-json\/wp\/v2\/posts\/1438","targetHints":{"allow":["GET"]}}],"collection":[{"href":"https:\/\/blogs.correiobraziliense.com.br\/eixocapital\/wp-json\/wp\/v2\/posts"}],"about":[{"href":"https:\/\/blogs.correiobraziliense.com.br\/eixocapital\/wp-json\/wp\/v2\/types\/post"}],"author":[{"embeddable":true,"href":"https:\/\/blogs.correiobraziliense.com.br\/eixocapital\/wp-json\/wp\/v2\/users\/9"}],"replies":[{"embeddable":true,"href":"https:\/\/blogs.correiobraziliense.com.br\/eixocapital\/wp-json\/wp\/v2\/comments?post=1438"}],"version-history":[{"count":1,"href":"https:\/\/blogs.correiobraziliense.com.br\/eixocapital\/wp-json\/wp\/v2\/posts\/1438\/revisions"}],"predecessor-version":[{"id":1439,"href":"https:\/\/blogs.correiobraziliense.com.br\/eixocapital\/wp-json\/wp\/v2\/posts\/1438\/revisions\/1439"}],"wp:featuredmedia":[{"embeddable":true,"href":"https:\/\/blogs.correiobraziliense.com.br\/eixocapital\/wp-json\/wp\/v2\/media\/636"}],"wp:attachment":[{"href":"https:\/\/blogs.correiobraziliense.com.br\/eixocapital\/wp-json\/wp\/v2\/media?parent=1438"}],"wp:term":[{"taxonomy":"category","embeddable":true,"href":"https:\/\/blogs.correiobraziliense.com.br\/eixocapital\/wp-json\/wp\/v2\/categories?post=1438"},{"taxonomy":"post_tag","embeddable":true,"href":"https:\/\/blogs.correiobraziliense.com.br\/eixocapital\/wp-json\/wp\/v2\/tags?post=1438"}],"curies":[{"name":"wp","href":"https:\/\/api.w.org\/{rel}","templated":true}]}}