{"id":1428,"date":"2022-05-19T07:36:34","date_gmt":"2022-05-19T10:36:34","guid":{"rendered":"https:\/\/blogs.correiobraziliense.com.br\/eixocapital\/?p=1428"},"modified":"2022-05-19T07:36:34","modified_gmt":"2022-05-19T10:36:34","slug":"rosilene-correa-e-fundamental-que-a-esquerda-apresente-o-nome-de-uma-mulher-para-disputar-o-senado","status":"publish","type":"post","link":"https:\/\/blogs.correiobraziliense.com.br\/eixocapital\/2022\/05\/19\/rosilene-correa-e-fundamental-que-a-esquerda-apresente-o-nome-de-uma-mulher-para-disputar-o-senado\/","title":{"rendered":"Rosilene Corr\u00eaa: &#8220;\u00c9 fundamental que a esquerda apresente o nome de uma mulher para disputar o Senado&#8221;"},"content":{"rendered":"<p><strong>\u00c0 Queima-roupa \/\/ Rosilene Corr\u00eaa, professora, diretora do Sinpro-DF e pr\u00e9-candidata ao Senado<\/strong><\/p>\n<p><strong>por Ana Maria Campos<\/strong><\/p>\n<p><strong>A senhora topa <a href=\"https:\/\/blogs.correiobraziliense.com.br\/eixocapital\/2022\/05\/18\/parlamentares-do-pt-lancam-pre-candidatura-de-rosilene-ao-senado\/\">concorrer ao Senado<\/a>, em vez de se candidatar ao governo?<br \/>\n<\/strong>Importante destacar que, pelo menos no meu caso, n\u00e3o se trata de um projeto pessoal, personalista. Meu nome foi apresentado pelo PT, entendendo a import\u00e2ncia de o partido ter candidatura pr\u00f3pria. E eu e o campo no qual fa\u00e7o a pol\u00edtica interna entendemos que o meu nome ainda continua sendo o melhor para essa disputa. Mas \u00e9 claro que sem desconsiderar as necessidades nacionais e da conjuntura pol\u00edtica para garantir maior n\u00famero de votos para o (ex) presidente Lula, inclusive que possa nos levar \u00e0 vit\u00f3ria no primeiro turno. O entendimento coletivo \u00e9 de que, sendo o deputado Leandro Grass candidato ao governo, meu nome pode continuar contribuindo com um papel na chapa majorit\u00e1ria, no caso ao Senado.<\/p>\n<p><strong>O PT-DF vive uma nova disputa. Agora pela vaga ao Senado. Quem vai decidir?<br \/>\n<\/strong>A decis\u00e3o n\u00e3o est\u00e1 descolada de uma discuss\u00e3o nacional sobre a chapa.<\/p>\n<p><strong>Geraldo Magela disse temer que esse novo embate\u00a0<\/strong><strong>acabe como o primeiro, com o PT-DF perdendo a\u00a0<\/strong><strong>indica\u00e7\u00e3o para outro partido. Acredita nisso?<br \/>\n<\/strong>Temor de ser outro nome eu, sinceramente, como militante do partido, entendo que o partido n\u00e3o tomar\u00e1 uma decis\u00e3o, seja por um dos nomes petistas, seja por um nome fora do PT, que o motivo n\u00e3o seja de fato pol\u00edtico, de entender que \u00e9 o melhor nome para os desafios que est\u00e3o postos. Nem considero que haja uma disputa. S\u00e3o nomes colocados e n\u00e3o podemos esquecer que temos tamb\u00e9m a companheira \u00c9rika Kokay. Sem querer polemizar, Magela precisa considerar o cen\u00e1rio do PT-DF, em que as manifesta\u00e7\u00f5es dos delegados e delegadas do encontro t\u00eam prefer\u00eancia pelo meu nome.<\/p>\n<p><strong>A senhora acha que uma candidatura feminina ao Senado ter\u00e1 mais for\u00e7a no contexto atual. Por qu\u00ea?<br \/>\n<\/strong>Creio que diante dos nomes que est\u00e3o previamente apresentados pelos partidos, na maioria de mulheres, \u00e9 fundamental que a esquerda, no caso o PT, apresente o nome de uma mulher para disputar o Senado. Acho que o momento \u00e9 de um movimento na pol\u00edtica no mundo todo. N\u00e3o \u00e9 s\u00f3 no Brasil. Mas o que significa para n\u00f3s mulheres do campo progressista, da esquerda, que precisamos que tenhamos mais mulheres atuando na pol\u00edtica. \u00c9 inegoci\u00e1vel, sobretudo porque temos pr\u00e9-candidatas, por serem de partidos de direita, com bandeiras antag\u00f4nicas ao que, de fato, as mulheres da classe trabalhadora necessitam.<\/p>\n","protected":false},"excerpt":{"rendered":"<p>Em entrevista, a pr\u00e9-candidata ao Senado Rosilene Corr\u00eaa ressalta a import\u00e2ncia do momento para uma candidatura feminina ao parlamento<\/p>\n","protected":false},"author":9,"featured_media":1430,"comment_status":"open","ping_status":"open","sticky":false,"template":"","format":"standard","meta":{"footnotes":""},"categories":[1],"tags":[29,90,203],"class_list":["post-1428","post","type-post","status-publish","format-standard","has-post-thumbnail","hentry","category-sem-categoria","tag-eleicoes-2022","tag-entrevista","tag-rosilene-correa"],"_links":{"self":[{"href":"https:\/\/blogs.correiobraziliense.com.br\/eixocapital\/wp-json\/wp\/v2\/posts\/1428","targetHints":{"allow":["GET"]}}],"collection":[{"href":"https:\/\/blogs.correiobraziliense.com.br\/eixocapital\/wp-json\/wp\/v2\/posts"}],"about":[{"href":"https:\/\/blogs.correiobraziliense.com.br\/eixocapital\/wp-json\/wp\/v2\/types\/post"}],"author":[{"embeddable":true,"href":"https:\/\/blogs.correiobraziliense.com.br\/eixocapital\/wp-json\/wp\/v2\/users\/9"}],"replies":[{"embeddable":true,"href":"https:\/\/blogs.correiobraziliense.com.br\/eixocapital\/wp-json\/wp\/v2\/comments?post=1428"}],"version-history":[{"count":2,"href":"https:\/\/blogs.correiobraziliense.com.br\/eixocapital\/wp-json\/wp\/v2\/posts\/1428\/revisions"}],"predecessor-version":[{"id":1431,"href":"https:\/\/blogs.correiobraziliense.com.br\/eixocapital\/wp-json\/wp\/v2\/posts\/1428\/revisions\/1431"}],"wp:featuredmedia":[{"embeddable":true,"href":"https:\/\/blogs.correiobraziliense.com.br\/eixocapital\/wp-json\/wp\/v2\/media\/1430"}],"wp:attachment":[{"href":"https:\/\/blogs.correiobraziliense.com.br\/eixocapital\/wp-json\/wp\/v2\/media?parent=1428"}],"wp:term":[{"taxonomy":"category","embeddable":true,"href":"https:\/\/blogs.correiobraziliense.com.br\/eixocapital\/wp-json\/wp\/v2\/categories?post=1428"},{"taxonomy":"post_tag","embeddable":true,"href":"https:\/\/blogs.correiobraziliense.com.br\/eixocapital\/wp-json\/wp\/v2\/tags?post=1428"}],"curies":[{"name":"wp","href":"https:\/\/api.w.org\/{rel}","templated":true}]}}