{"id":1414,"date":"2022-05-13T07:19:04","date_gmt":"2022-05-13T10:19:04","guid":{"rendered":"https:\/\/blogs.correiobraziliense.com.br\/eixocapital\/?p=1414"},"modified":"2022-05-13T07:19:04","modified_gmt":"2022-05-13T10:19:04","slug":"ibaneis-adota-o-tom-paz-e-amor-na-pre-campanha","status":"publish","type":"post","link":"https:\/\/blogs.correiobraziliense.com.br\/eixocapital\/2022\/05\/13\/ibaneis-adota-o-tom-paz-e-amor-na-pre-campanha\/","title":{"rendered":"Ibaneis adota o tom &#8220;paz e amor&#8221; na pr\u00e9-campanha"},"content":{"rendered":"<p><strong>Coluna Eixo Capital, por Ana Maria Campos<\/strong><\/p>\n<p>O governador Ibaneis Rocha (MDB) est\u00e1 em uma fase paz e amor. Elogiou o senador Jos\u00e9 Ant\u00f4nio Reguffe (UB-DF), um prov\u00e1vel advers\u00e1rio nas elei\u00e7\u00f5es; <a href=\"https:\/\/blogs.correiobraziliense.com.br\/eixocapital\/2022\/05\/10\/delio-lins-e-ibaneis-rocha-juntos-em-proposta-para-advocacia\/\"><strong>fez uma solenidade em que dividiu a mesa com um opositor na disputa da OAB-DF, o atual presidente, D\u00e9lio Lins e Silva J\u00fanior<\/strong><\/a>; e homenageou Tadeu Filippelli, no anivers\u00e1rio do pol\u00edtico, na noite de quarta-feira.<a href=\"https:\/\/blogs.correiobraziliense.com.br\/cbpoder\/ibaneis-vai-a-missa-de-aniversario-de-filippelli-e-se-reaproxima-do-companheiro-de-partido\/\"><strong> Ibaneis foi \u00e0 missa em a\u00e7\u00e3o de gra\u00e7as pela celebra\u00e7\u00e3o<\/strong><\/a>, na igreja Nossa Senhora de Nazar\u00e9, no Lago Sul. E, nas redes sociais, postou a seguinte mensagem: &#8220;Finalizei a noite de hoje da melhor forma, em missa de a\u00e7\u00e3o de gra\u00e7as pela vida do meu querido amigo Tadeu Filippelli. Que Deus te aben\u00e7oe. Muita paz, sa\u00fade e alegria para essa nova fase. Feliz anivers\u00e1rio&#8221;. Os dois estavam afastados desde a campanha eleitoral de 2018.<\/p>\n<h3>PT-DF ainda n\u00e3o aceitou candidatura de Grass ao Buriti<\/h3>\n<p><a href=\"https:\/\/blogs.correiobraziliense.com.br\/eixocapital\/2022\/05\/12\/leandro-grass-e-o-pre-candidato-no-df-da-coligacao-de-lula\/\"><strong>A dire\u00e7\u00e3o regional do PT n\u00e3o deu o bra\u00e7o a torcer sobre a decis\u00e3o nacional de que o candidato da federa\u00e7\u00e3o \u00e9 o deputado distrital Leandro Grass (PV)<\/strong><\/a>. O ex-deputado Geraldo Magela (PT), que estava no p\u00e1reo para o governo local, atendeu \u00e0 determina\u00e7\u00e3o do comando da campanha de Lula e, ontem, divulgou uma mensagem para a milit\u00e2ncia, <a href=\"https:\/\/blogs.correiobraziliense.com.br\/cbpoder\/magela-acata-decisao-do-pt-nacional-e-agora-e-pre-candidato-ao-senado\/\"><strong>colocando-se, agora, como postulante ao Senado<\/strong><\/a>. Mas o grupo de Rosilene Corr\u00eaa, que tamb\u00e9m foi lan\u00e7ada ao Buriti, n\u00e3o cedeu. \u00c9 quest\u00e3o de tempo, porque dificilmente o PT-DF poder\u00e1 se contrapor \u00e0 orienta\u00e7\u00e3o nacional. O Grupo de Trabalho Eleitoral (GTE) da campanha de Lula avocou todas as delibera\u00e7\u00f5es sobre a chapa majorit\u00e1ria da federa\u00e7\u00e3o PT-PV-PCdoB. \u00c9 uma interven\u00e7\u00e3o pelo interesse dos acordos nacionais. Mas a dire\u00e7\u00e3o do PT-DF ainda n\u00e3o anunciou que abra\u00e7ar\u00e1 a candidatura de Leandro Grass.<\/p>\n<p><strong>Encontro do PT \u00e9 adiado<br \/>\n<\/strong>O encontro do PT-DF que come\u00e7aria hoje foi adiado para 27 e 28 de maio. Nessa reuni\u00e3o, o partido poderia sacramentar a decis\u00e3o da dire\u00e7\u00e3o nacional que foi comunicada aos dirigentes locais pelo vice-presidente nacional, Jos\u00e9 Guimar\u00e3es. Mas a executiva regional do PT n\u00e3o topou. Prefere manter aberto o di\u00e1logo para tentar viabilizar a pr\u00e9-candidatura de Rosilene Corr\u00eaa.<\/p>\n<p><strong>Decis\u00e3o tomada<br \/>\n<\/strong>A postura dos dirigentes locais do PT tem provocado desconforto na dire\u00e7\u00e3o nacional, que n\u00e3o quer discuss\u00e3o. Para a campanha de Lula, o candidato est\u00e1 definido. \u00c9 Leandro Grass (PV).<\/p>\n<p><strong>Preju\u00edzo eleitoral<\/strong><br \/>\nAo adiar o encontro do PT-DF, a legenda joga para frente o in\u00edcio da campanha do deputado Leandro Grass. Atrapalhar\u00e1 bastante o desempenho do candidato que, no primeiro mandato de deputado distrital, \u00e9 pouco conhecido no Distrito Federal.<\/p>\n<p><strong>Surge um nome de esquerda para o Senado<br \/>\n<\/strong>Se Geraldo Magela for candidato ao Senado, surgir\u00e1 o primeiro concorrente de esquerda ao cargo. No p\u00e1reo, hoje, est\u00e3o dois nomes bolsonaristas \u2014 Fl\u00e1via Arruda (PL) e Damares Alves (Republicanos) \u2014, al\u00e9m de Paula Belmonte (Cidadania), Paulo Oct\u00e1vio (PSD), Gim Argello (Pros) e Paulo Roque (Novo).<\/p>\n<p><strong>Na Terra Santa<br \/>\n<\/strong>A primeira-dama do DF, Mayara Noronha, secret\u00e1ria de Desenvolvimento Social do DF, foi agraciada, ontem, com a Medalha do M\u00e9rito Seguran\u00e7a, mas n\u00e3o participou do evento. Ela est\u00e1 em Israel. Viajou com a Igreja Comunidade das Na\u00e7\u00f5es, liderada pelo bispo JB Carvalho, em peregrina\u00e7\u00e3o pela Terra Santa.<\/p>\n<p><strong>Em fase de an\u00e1lise<br \/>\n<\/strong>O advogado Luis Carlos Alcoforado, especialista em direito eleitoral, tem analisado convites para campanhas. Ele trabalhou em v\u00e1rias candidaturas, mas ainda n\u00e3o fechou com ningu\u00e9m neste ano.<\/p>\n<p><strong>Os novos temores dos candidatos<br \/>\n<\/strong>O delegado aposentado da Pol\u00edcia Civil do Distrito Federal Celso Ferro, que chefiou a intelig\u00eancia da institui\u00e7\u00e3o durante d\u00e9cadas, passou a ser assediado por pol\u00edticos de v\u00e1rios partidos para uma nova miss\u00e3o. \u00c0 frente de uma consultoria na \u00e1rea de seguran\u00e7a, o policial, que era conhecido por montar planos de prote\u00e7\u00e3o e monitoramento para campanhas, tem recebido, como principal demanda de candidatos, pedidos de ajuda para se proteger e detectar fake news nas redes sociais.<\/p>\n","protected":false},"excerpt":{"rendered":"<p>Ibaneis Rocha est\u00e1 em uma fase paz e amor: elogiou o senador Jos\u00e9 Ant\u00f4nio Reguffe, um prov\u00e1vel advers\u00e1rio nas elei\u00e7\u00f5es, e homenageou Tadeu Filippelli<\/p>\n","protected":false},"author":9,"featured_media":1415,"comment_status":"open","ping_status":"open","sticky":false,"template":"","format":"standard","meta":{"footnotes":""},"categories":[247],"tags":[99,53,160,76],"class_list":["post-1414","post","type-post","status-publish","format-standard","has-post-thumbnail","hentry","category-eixo-capital","tag-geraldo-magela","tag-ibaneis-rocha","tag-leandro-grass","tag-pt"],"_links":{"self":[{"href":"https:\/\/blogs.correiobraziliense.com.br\/eixocapital\/wp-json\/wp\/v2\/posts\/1414","targetHints":{"allow":["GET"]}}],"collection":[{"href":"https:\/\/blogs.correiobraziliense.com.br\/eixocapital\/wp-json\/wp\/v2\/posts"}],"about":[{"href":"https:\/\/blogs.correiobraziliense.com.br\/eixocapital\/wp-json\/wp\/v2\/types\/post"}],"author":[{"embeddable":true,"href":"https:\/\/blogs.correiobraziliense.com.br\/eixocapital\/wp-json\/wp\/v2\/users\/9"}],"replies":[{"embeddable":true,"href":"https:\/\/blogs.correiobraziliense.com.br\/eixocapital\/wp-json\/wp\/v2\/comments?post=1414"}],"version-history":[{"count":1,"href":"https:\/\/blogs.correiobraziliense.com.br\/eixocapital\/wp-json\/wp\/v2\/posts\/1414\/revisions"}],"predecessor-version":[{"id":1416,"href":"https:\/\/blogs.correiobraziliense.com.br\/eixocapital\/wp-json\/wp\/v2\/posts\/1414\/revisions\/1416"}],"wp:featuredmedia":[{"embeddable":true,"href":"https:\/\/blogs.correiobraziliense.com.br\/eixocapital\/wp-json\/wp\/v2\/media\/1415"}],"wp:attachment":[{"href":"https:\/\/blogs.correiobraziliense.com.br\/eixocapital\/wp-json\/wp\/v2\/media?parent=1414"}],"wp:term":[{"taxonomy":"category","embeddable":true,"href":"https:\/\/blogs.correiobraziliense.com.br\/eixocapital\/wp-json\/wp\/v2\/categories?post=1414"},{"taxonomy":"post_tag","embeddable":true,"href":"https:\/\/blogs.correiobraziliense.com.br\/eixocapital\/wp-json\/wp\/v2\/tags?post=1414"}],"curies":[{"name":"wp","href":"https:\/\/api.w.org\/{rel}","templated":true}]}}