{"id":1388,"date":"2022-05-06T07:22:15","date_gmt":"2022-05-06T10:22:15","guid":{"rendered":"https:\/\/blogs.correiobraziliense.com.br\/eixocapital\/?p=1388"},"modified":"2022-05-06T07:22:15","modified_gmt":"2022-05-06T10:22:15","slug":"ibaneis-e-flavia-arruda-selam-chapa-para-as-eleicoes","status":"publish","type":"post","link":"https:\/\/blogs.correiobraziliense.com.br\/eixocapital\/2022\/05\/06\/ibaneis-e-flavia-arruda-selam-chapa-para-as-eleicoes\/","title":{"rendered":"Ibaneis e Fl\u00e1via Arruda selam chapa para as elei\u00e7\u00f5es"},"content":{"rendered":"<p><strong>Coluna Eixo Capital, por Ana Maria Campos<\/strong><\/p>\n<p><a href=\"https:\/\/blogs.correiobraziliense.com.br\/cbpoder\/ibaneis-e-flavia-se-encontram-em-almoco-para-discutir-entrada-de-damares-no-cenario-eleitoral\/\"><strong>Um almo\u00e7o, aparentemente, selou a uni\u00e3o entre Ibaneis Rocha e Fl\u00e1via Arruda<\/strong><\/a> que estava amea\u00e7ada pela <a href=\"https:\/\/blogs.correiobraziliense.com.br\/eixocapital\/2022\/05\/04\/damares-alves-pode-empurrar-flavia-arruda-para-o-governo\/\"><strong>pr\u00e9-candidatura de Damares Alves ao Senado<\/strong><\/a>. O governador, que \u00e9 candidato \u00e0 reelei\u00e7\u00e3o, recebeu a deputada federal em casa, no Lago Sul. No fim do encontro, Ibaneis disse \u00e0 coluna de forma enigm\u00e1tica: &#8220;Nada precisa ser resolvido&#8221;. Por meio da assessoria de imprensa, Fl\u00e1via informou que a alian\u00e7a est\u00e1 mantida. Ela vai concorrer ao Senado na chapa em que Ibaneis disputar\u00e1 a reelei\u00e7\u00e3o.<\/p>\n<p><strong>Blefe<br \/>\n<\/strong>S\u00f3 o tempo dir\u00e1 se a candidatura de Damares Alves ao Senado \u00e9 para valer ou um blefe. Uma forma de press\u00e3o para o Republicanos conseguir um espa\u00e7o mais confort\u00e1vel no vag\u00e3o pilotado por Ibaneis. Seria um assento como vice ou supl\u00eancia da Fl\u00e1via Arruda.<\/p>\n<p><strong>Briga pela supl\u00eancia<\/strong><br \/>\nMas o jogo de xadrez n\u00e3o \u00e9 simples. Se o Republicanos for contemplado com a vaga de suplente de Fl\u00e1via Arruda, o empres\u00e1rio Fernando Marques ser\u00e1 desalojado. Ele entrou no PP, escolheu o partido e a unidade da federa\u00e7\u00e3o para concorrer, e, agora, n\u00e3o aceitar\u00e1 uma puxada de tapete. Fl\u00e1via disse a Ibaneis que nunca acertou nada com Fernando Marques e que a supl\u00eancia est\u00e1 aberta.<\/p>\n<p><strong>Candidato ao Senado<br \/>\n<\/strong>Com toda essa confus\u00e3o, o empres\u00e1rio Fernando Marques, dono da Uni\u00e3o Qu\u00edmica, cogita, em vez da supl\u00eancia, disputar o Senado pelo PP. Em 2018, ele concorreu\u00a0 pelo Solidariedade e ficou em nono lugar, com 124.904 votos.<\/p>\n","protected":false},"excerpt":{"rendered":"<p>Um almo\u00e7o, aparentemente, selou a uni\u00e3o entre Ibaneis Rocha e Fl\u00e1via Arruda que estava amea\u00e7ada pela pr\u00e9-candidatura de Damares Alves ao Senado<\/p>\n","protected":false},"author":9,"featured_media":1389,"comment_status":"open","ping_status":"open","sticky":false,"template":"","format":"standard","meta":{"footnotes":""},"categories":[247],"tags":[29,107,53],"class_list":["post-1388","post","type-post","status-publish","format-standard","has-post-thumbnail","hentry","category-eixo-capital","tag-eleicoes-2022","tag-flavia-arruda","tag-ibaneis-rocha"],"_links":{"self":[{"href":"https:\/\/blogs.correiobraziliense.com.br\/eixocapital\/wp-json\/wp\/v2\/posts\/1388","targetHints":{"allow":["GET"]}}],"collection":[{"href":"https:\/\/blogs.correiobraziliense.com.br\/eixocapital\/wp-json\/wp\/v2\/posts"}],"about":[{"href":"https:\/\/blogs.correiobraziliense.com.br\/eixocapital\/wp-json\/wp\/v2\/types\/post"}],"author":[{"embeddable":true,"href":"https:\/\/blogs.correiobraziliense.com.br\/eixocapital\/wp-json\/wp\/v2\/users\/9"}],"replies":[{"embeddable":true,"href":"https:\/\/blogs.correiobraziliense.com.br\/eixocapital\/wp-json\/wp\/v2\/comments?post=1388"}],"version-history":[{"count":1,"href":"https:\/\/blogs.correiobraziliense.com.br\/eixocapital\/wp-json\/wp\/v2\/posts\/1388\/revisions"}],"predecessor-version":[{"id":1390,"href":"https:\/\/blogs.correiobraziliense.com.br\/eixocapital\/wp-json\/wp\/v2\/posts\/1388\/revisions\/1390"}],"wp:featuredmedia":[{"embeddable":true,"href":"https:\/\/blogs.correiobraziliense.com.br\/eixocapital\/wp-json\/wp\/v2\/media\/1389"}],"wp:attachment":[{"href":"https:\/\/blogs.correiobraziliense.com.br\/eixocapital\/wp-json\/wp\/v2\/media?parent=1388"}],"wp:term":[{"taxonomy":"category","embeddable":true,"href":"https:\/\/blogs.correiobraziliense.com.br\/eixocapital\/wp-json\/wp\/v2\/categories?post=1388"},{"taxonomy":"post_tag","embeddable":true,"href":"https:\/\/blogs.correiobraziliense.com.br\/eixocapital\/wp-json\/wp\/v2\/tags?post=1388"}],"curies":[{"name":"wp","href":"https:\/\/api.w.org\/{rel}","templated":true}]}}