{"id":1369,"date":"2022-04-30T10:01:04","date_gmt":"2022-04-30T13:01:04","guid":{"rendered":"https:\/\/blogs.correiobraziliense.com.br\/eixocapital\/?p=1369"},"modified":"2022-04-30T10:01:04","modified_gmt":"2022-04-30T13:01:04","slug":"pre-candidatos-ao-buriti-buscam-apoio-nacional-para-liderar-chapa","status":"publish","type":"post","link":"https:\/\/blogs.correiobraziliense.com.br\/eixocapital\/2022\/04\/30\/pre-candidatos-ao-buriti-buscam-apoio-nacional-para-liderar-chapa\/","title":{"rendered":"Pr\u00e9-candidatos ao Buriti buscam apoio nacional para liderar chapa"},"content":{"rendered":"<p><strong>Coluna Eixo Capital, por Ana Maria Campos<\/strong><\/p>\n<p>A cinco meses das elei\u00e7\u00f5es, os partidos de oposi\u00e7\u00e3o ao governador Ibaneis Rocha (MDB) seguem em discuss\u00e3o sobre a escolha do candidato ou da candidata que dever\u00e1 enfrentar o projeto de reelei\u00e7\u00e3o. O congresso da autorreforma do PSB, que est\u00e1 sendo realizado em Bras\u00edlia, reuniu poss\u00edveis aliados locais. Pr\u00e9-candidato do partido ao governo, Rafael Parente esteve com o ex-presidente Lula e com o prov\u00e1vel vice na chapa nacional, Geraldo Alckmin. Teve oportunidade para se apresentar como alternativa. O deputado distrital Leandro Grass (PV) tamb\u00e9m esteve no encontro dos socialistas. Ele \u00e9 o nome do PV para o Pal\u00e1cio do Buriti. Falta, no entanto, a defini\u00e7\u00e3o sobre quem ser\u00e1 o cabe\u00e7a da chapa.<\/p>\n<p><strong>Debate continua<br \/>\n<\/strong>Enquanto Rafael Parente busca apoio da campanha de Lula para sua pr\u00e9-candidatura, a federa\u00e7\u00e3o formada pelo PT-PV-PCdoB ainda n\u00e3o chegou a um consenso, e as conversas devem continuar, pelo menos, at\u00e9 o fim do m\u00eas. O PV apresenta Leandro Grass, e o PT tem dois pr\u00e9-candidatos, Rosilene Corr\u00eaa e Geraldo Magela. Al\u00e9m deles, o PCdoB lan\u00e7ou o presidente regional, Jo\u00e3o Vicente Goulart, filho do ex-presidente Jo\u00e3o Goulart, como pr\u00e9-candidato. Ele, no entanto, tem menos chance de ser escolhido nas negocia\u00e7\u00f5es.<\/p>\n<p><strong>Sem imposi\u00e7\u00e3o<br \/>\n<\/strong>O presidente do PV-DF, Eduardo Brand\u00e3o, tem conversado h\u00e1 meses com dirigentes do PT. Apesar de uma boa sinaliza\u00e7\u00e3o nacional para Leandro Grass, Brand\u00e3o diz que n\u00e3o busca uma solu\u00e7\u00e3o de cima para baixo. &#8220;Unidade tem de ser constru\u00edda na base. N\u00e3o acreditamos em unidade imposta&#8221;, afirma o dirigente local, que tamb\u00e9m \u00e9 vice-presidente nacional do PV. &#8220;Vamos chegar juntos a uma chapa competitiva&#8221;, acredita.<\/p>\n<p><strong>Engajamento<br \/>\n<\/strong>Um dos fundadores do PV, Eduardo Brand\u00e3o j\u00e1 foi aliado do PT, do PSB e do PCdoB em outras elei\u00e7\u00f5es. Conhece os partidos e sabe que a chapa ao governo precisa ter apoio dos dirigentes e da milit\u00e2ncia locais para que haja engajamento na campanha.<\/p>\n<h3>Evid\u00eancias da pandemia<\/h3>\n<p>Ao negar um pedido de indeniza\u00e7\u00e3o em a\u00e7\u00e3o da Associa\u00e7\u00e3o Brasileira de Bares e Restaurantes (Abrasel), a ju\u00edza Sandra Cristina Candeira de Lima, da 6\u00aa Vara de Fazenda P\u00fablica do DF, foi contundente: &#8220;A alega\u00e7\u00e3o de falta de evid\u00eancias cient\u00edficas para a fundamenta\u00e7\u00e3o dos atos administrativos parte da idealiza\u00e7\u00e3o de uma teoria da nega\u00e7\u00e3o, porque implica cerrar os olhos ao fato not\u00f3rio, que processualmente independe de prova (artigo 374, inciso I do CPC), e que vinha se fazendo sentido na pr\u00f3pria pele pelas mortes aos milhares&#8221;. Ou seja, a prova de que o fechamento dos bares e restaurantes era necess\u00e1rio ficou evidente pelo n\u00famero de mortes em decorr\u00eancia da covid-19.<\/p>\n<p><strong>Posse inclusiva<br \/>\n<\/strong>O TRE-DF passou a contar, desde ontem, com duas int\u00e9rpretes de Libras. Elaise Messias e Marina da Silva foram cedidas pelo Tribunal de Justi\u00e7a do Distrito Federal e dos Territ\u00f3rios (TJDFT) para a solenidade de posse dos novos desembargadores substitutos do TRE-DF: Nilsoni de Freitas Cust\u00f3dio, Jo\u00e3o Egmont Leoncio e Neviton Guedes. A Corte prepara a contrata\u00e7\u00e3o de uma empresa para prestar o servi\u00e7o a deficientes auditivos. S\u00e3o cerca de 90 mil no DF.<\/p>\n<p><strong>Inscri\u00e7\u00f5es at\u00e9 amanh\u00e3<br \/>\n<\/strong>Termina amanh\u00e3 o prazo para inscri\u00e7\u00e3o na quarta edi\u00e7\u00e3o do Pr\u00eamio Olhar Bras\u00edlia de Fotografia. S\u00e3o quatro categorias. Inscreva-se em www.olharbrasilia.com.<\/p>\n<p><strong>Cora\u00e7\u00e3o\u2026<br \/>\n<\/strong>Com projeto social h\u00e1 mais de 10 anos em Ceil\u00e2ndia, a presidente do Instituto do Carinho, Ana Laura Toffano Mazzei, recebeu, ontem, o t\u00edtulo de cidad\u00e3 honor\u00e1ria de Bras\u00edlia.<\/p>\n<p><strong>\u2026Brasiliense<br \/>\n<\/strong>Natural de Ja\u00fa (SP), veio para a capital federal em 1998 e, de l\u00e1 para c\u00e1, mant\u00e9m, com o marido, dois abrigos para crian\u00e7as em situa\u00e7\u00e3o de vulnerabilidade, sendo um deles direcionado a crian\u00e7as com s\u00edndromes raras e necessidade de home care. Iniciativa do deputado distrital Roosevelt Vilela (PL).<\/p>\n","protected":false},"excerpt":{"rendered":"<p>Os partidos de oposi\u00e7\u00e3o ao governador Ibaneis Rocha seguem em discuss\u00e3o sobre a escolha do candidato que dever\u00e1 enfrentar o projeto de reelei\u00e7\u00e3o<\/p>\n","protected":false},"author":9,"featured_media":1370,"comment_status":"open","ping_status":"open","sticky":false,"template":"","format":"standard","meta":{"footnotes":""},"categories":[247],"tags":[501,29],"class_list":["post-1369","post","type-post","status-publish","format-standard","has-post-thumbnail","hentry","category-eixo-capital","tag-abrasel","tag-eleicoes-2022"],"_links":{"self":[{"href":"https:\/\/blogs.correiobraziliense.com.br\/eixocapital\/wp-json\/wp\/v2\/posts\/1369","targetHints":{"allow":["GET"]}}],"collection":[{"href":"https:\/\/blogs.correiobraziliense.com.br\/eixocapital\/wp-json\/wp\/v2\/posts"}],"about":[{"href":"https:\/\/blogs.correiobraziliense.com.br\/eixocapital\/wp-json\/wp\/v2\/types\/post"}],"author":[{"embeddable":true,"href":"https:\/\/blogs.correiobraziliense.com.br\/eixocapital\/wp-json\/wp\/v2\/users\/9"}],"replies":[{"embeddable":true,"href":"https:\/\/blogs.correiobraziliense.com.br\/eixocapital\/wp-json\/wp\/v2\/comments?post=1369"}],"version-history":[{"count":1,"href":"https:\/\/blogs.correiobraziliense.com.br\/eixocapital\/wp-json\/wp\/v2\/posts\/1369\/revisions"}],"predecessor-version":[{"id":1371,"href":"https:\/\/blogs.correiobraziliense.com.br\/eixocapital\/wp-json\/wp\/v2\/posts\/1369\/revisions\/1371"}],"wp:featuredmedia":[{"embeddable":true,"href":"https:\/\/blogs.correiobraziliense.com.br\/eixocapital\/wp-json\/wp\/v2\/media\/1370"}],"wp:attachment":[{"href":"https:\/\/blogs.correiobraziliense.com.br\/eixocapital\/wp-json\/wp\/v2\/media?parent=1369"}],"wp:term":[{"taxonomy":"category","embeddable":true,"href":"https:\/\/blogs.correiobraziliense.com.br\/eixocapital\/wp-json\/wp\/v2\/categories?post=1369"},{"taxonomy":"post_tag","embeddable":true,"href":"https:\/\/blogs.correiobraziliense.com.br\/eixocapital\/wp-json\/wp\/v2\/tags?post=1369"}],"curies":[{"name":"wp","href":"https:\/\/api.w.org\/{rel}","templated":true}]}}