{"id":1366,"date":"2022-04-29T07:11:27","date_gmt":"2022-04-29T10:11:27","guid":{"rendered":"https:\/\/blogs.correiobraziliense.com.br\/eixocapital\/?p=1366"},"modified":"2022-04-29T07:11:27","modified_gmt":"2022-04-29T10:11:27","slug":"disputa-por-vaga-de-suplente-de-flavia-arruda-esta-acirrada","status":"publish","type":"post","link":"https:\/\/blogs.correiobraziliense.com.br\/eixocapital\/2022\/04\/29\/disputa-por-vaga-de-suplente-de-flavia-arruda-esta-acirrada\/","title":{"rendered":"Disputa por vaga de suplente de Fl\u00e1via Arruda est\u00e1 acirrada"},"content":{"rendered":"<p><strong>Coluna Eixo Capital, por Ana Maria Campos<\/strong><\/p>\n<p>Muita \u00e1gua ainda vai rolar por baixo da discuss\u00e3o sobre a supl\u00eancia da candidatura de Fl\u00e1via Arruda ao Senado. \u00c9 que, se ela se eleger, a chance de o suplente assumir o mandato \u00e9 grande. Existe a hip\u00f3tese de o presidente Jair Bolsonaro se reeleger \u2014 assim, Fl\u00e1via pode voltar ao minist\u00e9rio. H\u00e1, tamb\u00e9m, uma poss\u00edvel candidatura dela ao Pal\u00e1cio do Buriti em 2026. Fl\u00e1via pode virar governadora e deixar um mandato de quatro anos de presente para o suplente. Foi o que aconteceu quando Paulo Oct\u00e1vio renunciou ao mandato de senador abrindo espa\u00e7o para Adelmir Santana, entre 2007 e 2011. O mesmo aconteceu com H\u00e9lio Jos\u00e9, que virou senador sem voto quando Rodrigo Rollemberg se elegeu governador em 2010.<\/p>\n<p><strong>A hora n\u00e3o \u00e9 agora<br \/>\n<\/strong>Muita gente incentivando Fl\u00e1via Arruda a ser candidata ao Governo do DF agora. Mas ela sempre responde que o momento n\u00e3o chegou.<\/p>\n<p><strong>Preparada para a guerra do Senado<br \/>\n<\/strong>A ex-ministra Fl\u00e1via Arruda liderou, no final da tarde de ontem, a primeira reuni\u00e3o com seus colaboradores, depois de deixar a Secretaria de Governo da Presid\u00eancia da Rep\u00fablica. Ela reafirmou a disposi\u00e7\u00e3o de concorrer ao Senado nas elei\u00e7\u00f5es e disse que estar preparada para a guerra. A reuni\u00e3o, realizada na sede do PL regional, durou mais de duas horas e deixou os aliados da Fl\u00e1via animados. Tirou a d\u00favida sobre o caminho que deve seguir at\u00e9 outubro.<\/p>\n<h3>Homenagem ao jornalismo<\/h3>\n<p>Por iniciativa do deputado distrital Eduardo Pedrosa (UB), a C\u00e2mara Legislativa realizou ontem uma <a href=\"https:\/\/www.correiobraziliense.com.br\/cidades-df\/2022\/04\/5004078-tv-brasilia-ganha-homenagem-durante-sessao-solene-da-cldf.html\"><strong>sess\u00e3o solene em homenagem \u00e0 TV Bras\u00edlia<\/strong><\/a>, a primeira emissora da cidade. O distrital mais jovem da Casa disse que defende o bom jornalismo e estava se sentindo honrado pela homenagem \u00e0 TV, que \u00e9 parceira do <strong>Correio<\/strong>.<\/p>\n<p><strong>Codeplan oferece 60 vagas para PDV<br \/>\n<\/strong>A Codeplan abre, na pr\u00f3xima segunda-feira, um Programa de Desligamento Volunt\u00e1rio (PDV) para uma economia de R$ 50 milh\u00f5es em cinco anos. Os empregados que quiserem aderir receber\u00e3o o equivalente a 60% da remunera\u00e7\u00e3o mensal bruta durante 60 meses em parcelas fixas. Al\u00e9m disso, a empresa pagar\u00e1 o valor equivalente a 40% do FGTS em 24 parcelas. Eles ter\u00e3o a garantida da continuidade do plano de assist\u00eancia de sa\u00fade durante os primeiros 24 meses, inclusive para seus dependentes legais. Ser\u00e3o 60 vagas. A Codeplan espera, assim, reduzir em 20% seu quadro de pessoal, que, hoje, disp\u00f5e de 289 empregados.<\/p>\n<p><strong>Liberado<br \/>\n<\/strong>Depois de 15 dias internado, o ex-deputado federal Roney Nemer teve alta m\u00e9dica ontem.<\/p>\n<p><strong>TCDF pede explica\u00e7\u00f5es sobre sal\u00e1rios da Terracap<br \/>\n<\/strong>O governador Ibaneis Rocha (MDB) determinou a suspens\u00e3o do reajuste dos sal\u00e1rios de diretores da Terracap. O contracheque da diretoria chegou a R$ 68 mil. O Minist\u00e9rio P\u00fablico de Contas questionou os supersal\u00e1rios e pediu explica\u00e7\u00f5es para a empresa, o que foi referendado pelo Tribunal de Contas do DF, em medida cautelar, mesmo com a determina\u00e7\u00e3o de Ibaneis de reverter a medida. Por ordem do governador, a assembleia de acionistas da Terracap vai analisar o reajuste e, em seguida, o conselho. Mas o TCDF quer explica\u00e7\u00f5es da Terracap e, a depender da resposta,<br \/>\npode mandar os diretores devolverem parte dos sal\u00e1rios que foram reajustados em novembro.<\/p>\n<p><strong>Propaganda enganosa<br \/>\n<\/strong>O Procon-DF entrou em campo, ontem, para <strong><a href=\"https:\/\/www.correiobraziliense.com.br\/cidades-df\/2022\/04\/5004028-procon-proibe-venda-de-mcpicanha-no-distrito-federal-entenda-o-caso.html\">impedir a venda pelo McDonald&#8217;s de<\/a> sandu\u00edche de picanha sem picanha<\/strong>.<\/p>\n<p><strong>Em recupera\u00e7\u00e3o<br \/>\n<\/strong>O deputado Cl\u00e1udio Abrantes (PSD) foi ontem com um protetor no pesco\u00e7o ao <a href=\"https:\/\/www.correiobraziliense.com.br\/cidades-df\/2022\/04\/5003883-ibaneis-sanciona-lei-de-uso-e-ocupacao-de-solo-com-vetos.html\"><strong>evento de san\u00e7\u00e3o da Lei de Uso e Ocupa\u00e7\u00e3o do Solo (Luos)<\/strong><\/a>. Est\u00e1 se recuperando de uma cirurgia na coluna, depois de um acidente de moto. Apesar do momento de recupera\u00e7\u00e3o, Abrantes fez quest\u00e3o de participar do evento.<\/p>\n","protected":false},"excerpt":{"rendered":"<p>Muita gente incentivando Fl\u00e1via Arruda a ser candidata ao Governo do DF agora. Mas ela sempre responde que o momento n\u00e3o chegou<\/p>\n","protected":false},"author":9,"featured_media":1367,"comment_status":"open","ping_status":"open","sticky":false,"template":"","format":"standard","meta":{"footnotes":""},"categories":[1],"tags":[500,29,350,411],"class_list":["post-1366","post","type-post","status-publish","format-standard","has-post-thumbnail","hentry","category-sem-categoria","tag-codeplan","tag-eleicoes-2022","tag-luos","tag-terracap"],"_links":{"self":[{"href":"https:\/\/blogs.correiobraziliense.com.br\/eixocapital\/wp-json\/wp\/v2\/posts\/1366","targetHints":{"allow":["GET"]}}],"collection":[{"href":"https:\/\/blogs.correiobraziliense.com.br\/eixocapital\/wp-json\/wp\/v2\/posts"}],"about":[{"href":"https:\/\/blogs.correiobraziliense.com.br\/eixocapital\/wp-json\/wp\/v2\/types\/post"}],"author":[{"embeddable":true,"href":"https:\/\/blogs.correiobraziliense.com.br\/eixocapital\/wp-json\/wp\/v2\/users\/9"}],"replies":[{"embeddable":true,"href":"https:\/\/blogs.correiobraziliense.com.br\/eixocapital\/wp-json\/wp\/v2\/comments?post=1366"}],"version-history":[{"count":1,"href":"https:\/\/blogs.correiobraziliense.com.br\/eixocapital\/wp-json\/wp\/v2\/posts\/1366\/revisions"}],"predecessor-version":[{"id":1368,"href":"https:\/\/blogs.correiobraziliense.com.br\/eixocapital\/wp-json\/wp\/v2\/posts\/1366\/revisions\/1368"}],"wp:featuredmedia":[{"embeddable":true,"href":"https:\/\/blogs.correiobraziliense.com.br\/eixocapital\/wp-json\/wp\/v2\/media\/1367"}],"wp:attachment":[{"href":"https:\/\/blogs.correiobraziliense.com.br\/eixocapital\/wp-json\/wp\/v2\/media?parent=1366"}],"wp:term":[{"taxonomy":"category","embeddable":true,"href":"https:\/\/blogs.correiobraziliense.com.br\/eixocapital\/wp-json\/wp\/v2\/categories?post=1366"},{"taxonomy":"post_tag","embeddable":true,"href":"https:\/\/blogs.correiobraziliense.com.br\/eixocapital\/wp-json\/wp\/v2\/tags?post=1366"}],"curies":[{"name":"wp","href":"https:\/\/api.w.org\/{rel}","templated":true}]}}