{"id":1335,"date":"2022-04-22T12:00:06","date_gmt":"2022-04-22T15:00:06","guid":{"rendered":"https:\/\/blogs.correiobraziliense.com.br\/eixocapital\/?p=1335"},"modified":"2022-04-22T12:29:25","modified_gmt":"2022-04-22T15:29:25","slug":"desembargador-roberval-belinati-assume-a-presidencia-do-tre-df","status":"publish","type":"post","link":"https:\/\/blogs.correiobraziliense.com.br\/eixocapital\/2022\/04\/22\/desembargador-roberval-belinati-assume-a-presidencia-do-tre-df\/","title":{"rendered":"Desembargador Roberval Belinati assume a presid\u00eancia do TRE-DF"},"content":{"rendered":"<h4>ANA MARIA CAMPOS<\/h4>\n<p class=\"p1\"><span class=\"s1\">O desembargador Roberval Belinati foi eleito nesta manh\u00e3 (22) presidente do Tribunal Regional Eleitoral do Distrito Federal (TRE-DF) para o bi\u00eanio 2022-2024. O desembargador Sebasti\u00e3o Coelho da Silva ser\u00e1 o vice-presidente e corregedor-geral.<\/span><\/p>\n<p class=\"p1\"><span class=\"s1\">\u00a0<\/span><\/p>\n<p class=\"p1\"><span class=\"s1\">Os dois magistrados v\u00e3o comandar as elei\u00e7\u00f5es neste ano. Eles s\u00e3o desembargadores do Tribunal de Justi\u00e7a do Distrito Federal e Territ\u00f3rios (TJDFT) e foram designados em vota\u00e7\u00e3o pelos colegas para o TRE-DF h\u00e1 dois meses.<\/span><\/p>\n<p class=\"p1\"><span class=\"s1\">\u00a0<\/span><\/p>\n<p class=\"p1\"><span class=\"s1\">Nesta manh\u00e3, houve a elei\u00e7\u00e3o em sess\u00e3o administrativa e a posse. Belinati foi eleito presidente e Sebasti\u00e3o, vice, por 5 votos a dois.<br \/>\n<\/span><\/p>\n<p>&nbsp;<\/p>\n<p class=\"p1\"><span class=\"s1\">Tamb\u00e9m assumiu como novo integrante do TRE-DF o desembargador federal Souza Prudente, do Tribunal Regional Federal (TRF) da 1\u00aa Regi\u00e3o.<\/span><\/p>\n<p class=\"p1\"><span class=\"s1\">\u00a0<\/span><\/p>\n<p class=\"p1\"><span class=\"s1\">A solenidade de posse contou com a presen\u00e7a do presidente do Tribunal Superior Eleitoral (TSE), Edson Fachin, do vice-governador Paco Brito (Avante), representando o governador Ibaneis Rocha (MDB), o presidente da OAB-DF, D\u00e9lio Lins e Silva J\u00fanior, e o presidente do TJDFT, Romeu Gonzaga Neiva, que hoje transmitir\u00e1 o cargo para seu sucessor, desembargador Cruz Macedo.<\/span><\/p>\n<p class=\"p1\"><span class=\"s1\">\u00a0<\/span><\/p>\n<p class=\"p1\"><span class=\"s1\">Belinati vai suceder o desembargador Humberto Adjuto Ulh\u00f4a que concluiu hoje o mandato de dois anos \u00e0 frente do TRE-DF.<\/span><\/p>\n","protected":false},"excerpt":{"rendered":"<p>ANA MARIA CAMPOS O desembargador Roberval Belinati foi eleito nesta manh\u00e3 (22) presidente do Tribunal Regional Eleitoral do Distrito Federal (TRE-DF) para o bi\u00eanio 2022-2024. O desembargador Sebasti\u00e3o Coelho da Silva ser\u00e1 o vice-presidente e corregedor-geral. \u00a0 Os dois magistrados v\u00e3o comandar as elei\u00e7\u00f5es neste ano. Eles s\u00e3o desembargadores do Tribunal de Justi\u00e7a do Distrito Federal e Territ\u00f3rios (TJDFT) e [&hellip;]<\/p>\n","protected":false},"author":9,"featured_media":1336,"comment_status":"open","ping_status":"open","sticky":false,"template":"","format":"standard","meta":{"footnotes":""},"categories":[247],"tags":[494,29,284,495,315,316,496],"class_list":["post-1335","post","type-post","status-publish","format-standard","has-post-thumbnail","hentry","category-eixo-capital","tag-eleicao","tag-eleicoes-2022","tag-justica","tag-posse","tag-roberval-belinati","tag-sebastiao-coelho","tag-tre"],"_links":{"self":[{"href":"https:\/\/blogs.correiobraziliense.com.br\/eixocapital\/wp-json\/wp\/v2\/posts\/1335","targetHints":{"allow":["GET"]}}],"collection":[{"href":"https:\/\/blogs.correiobraziliense.com.br\/eixocapital\/wp-json\/wp\/v2\/posts"}],"about":[{"href":"https:\/\/blogs.correiobraziliense.com.br\/eixocapital\/wp-json\/wp\/v2\/types\/post"}],"author":[{"embeddable":true,"href":"https:\/\/blogs.correiobraziliense.com.br\/eixocapital\/wp-json\/wp\/v2\/users\/9"}],"replies":[{"embeddable":true,"href":"https:\/\/blogs.correiobraziliense.com.br\/eixocapital\/wp-json\/wp\/v2\/comments?post=1335"}],"version-history":[{"count":2,"href":"https:\/\/blogs.correiobraziliense.com.br\/eixocapital\/wp-json\/wp\/v2\/posts\/1335\/revisions"}],"predecessor-version":[{"id":1338,"href":"https:\/\/blogs.correiobraziliense.com.br\/eixocapital\/wp-json\/wp\/v2\/posts\/1335\/revisions\/1338"}],"wp:featuredmedia":[{"embeddable":true,"href":"https:\/\/blogs.correiobraziliense.com.br\/eixocapital\/wp-json\/wp\/v2\/media\/1336"}],"wp:attachment":[{"href":"https:\/\/blogs.correiobraziliense.com.br\/eixocapital\/wp-json\/wp\/v2\/media?parent=1335"}],"wp:term":[{"taxonomy":"category","embeddable":true,"href":"https:\/\/blogs.correiobraziliense.com.br\/eixocapital\/wp-json\/wp\/v2\/categories?post=1335"},{"taxonomy":"post_tag","embeddable":true,"href":"https:\/\/blogs.correiobraziliense.com.br\/eixocapital\/wp-json\/wp\/v2\/tags?post=1335"}],"curies":[{"name":"wp","href":"https:\/\/api.w.org\/{rel}","templated":true}]}}