{"id":1318,"date":"2022-04-21T08:36:19","date_gmt":"2022-04-21T11:36:19","guid":{"rendered":"https:\/\/blogs.correiobraziliense.com.br\/eixocapital\/?p=1318"},"modified":"2022-04-21T08:36:19","modified_gmt":"2022-04-21T11:36:19","slug":"cruz-macedo-assume-amanha-presidencia-do-tribunal-de-justica","status":"publish","type":"post","link":"https:\/\/blogs.correiobraziliense.com.br\/eixocapital\/2022\/04\/21\/cruz-macedo-assume-amanha-presidencia-do-tribunal-de-justica\/","title":{"rendered":"Cruz Macedo assume amanh\u00e3 presid\u00eancia do Tribunal de Justi\u00e7a"},"content":{"rendered":"<p><strong>Cruz Macedo assume amanh\u00e3 presid\u00eancia do Tribunal de Justi\u00e7a<\/strong><\/p>\n<p>O dia amanh\u00e3 ser\u00e1 de festa no Judici\u00e1rio do DF. O novo presidente do Tribunal de Justi\u00e7a do Distrito Federal e Territ\u00f3rios (TJDFT), Cruz Macedo, tomar\u00e1 posse para a gest\u00e3o de 2022-2024, ao lado dos colegas J. J. Costa Carvalho como corregedor da Justi\u00e7a, Angelo Canducci Passareli, na 1\u00aa vice-presid\u00eancia, e S\u00e9rgio Xavier de Souza Rocha, como 2\u00ba vice-presidente. Eles v\u00e3o comandar o Judici\u00e1rio do DF no bi\u00eanio 2022-2024.<\/p>\n<p><strong>Novos fiscais para as elei\u00e7\u00f5es<\/strong><\/p>\n<p>No Tribunal Regional Eleitoral (TRE-DF) assumem tr\u00eas novos membros para a composi\u00e7\u00e3o que vai fiscalizar as pr\u00f3ximas elei\u00e7\u00f5es. Do Tribunal de Justi\u00e7a do Distrito Federal e Territ\u00f3rios (TJDFT) chegam os desembargadores Roberval Belinati e Sebasti\u00e3o Coelho. O desembargador federal Souza Prudente, do Tribunal Regional Federal (TRF) da 1\u00aa Regi\u00e3o, tamb\u00e9m assume um assento para dois anos de mandato. A sess\u00e3o ser\u00e1 presidida pelo integrante mais antigo no momento no plen\u00e1rio, o desembargador Renato Guanabara Leal, que ocupa vaga de jurista no TRE-DF. Ele \u00e9 procurador do DF.<\/p>\n<p><strong>Disputa na Justi\u00e7a<\/strong><\/p>\n<p>Ainda pela manh\u00e3, logo depois da posse dos novos membros do TRE-DF, haver\u00e1 uma elei\u00e7\u00e3o para escolha do novo presidente. A disputa se d\u00e1 entre os desembargadores do TJDFT, Roberval Belinati e Sebasti\u00e3o Coelho. Um deles assumir\u00e1 o comando e o outro exercer\u00e1 uma fun\u00e7\u00e3o tamb\u00e9m importante, a de vice-presidente e corregedor da Justi\u00e7a Eleitoral. Votam os sete integrantes do plen\u00e1rio.<\/p>\n<p><strong>Dengue na v\u00e9spera da posse<\/strong><\/p>\n<p>Na v\u00e9spera da elei\u00e7\u00e3o para o comando do TRE-DF, o desembargador Sebasti\u00e3o Coelho estava ontem acompanhando a esposa, Sandra Maria Coelho da Silva, no hospital. Ela estava na UTI com dengue.<\/p>\n<p><strong>Nomeado por Bolsonaro ocupa cargo no TRE<\/strong><\/p>\n<p>Nomeado em 31 de mar\u00e7o pelo presidente Jair Bolsonaro, o advogado Diego Barbosa Campos, 39 anos, tomou posse ontem como desembargador substituto do TRE-DF. S\u00f3cio do criminalista Ticiano Figueiredo, ele assume a vaga aberta com o fim do mandato de Francisco Campos Amaral. O escolhido por Bolsonaro integrou lista tr\u00edplice eleita pelo Tribunal de Justi\u00e7a do Distrito Federal e Territ\u00f3rios (TJDFT), e disputou com os advogados Andr\u00e9a Saboia de Arruda e Rodrigo de S\u00e1 Queiroga.<\/p>\n<p>&nbsp;<\/p>\n<p><strong>Campanha equipada para limpeza das regi\u00f5es administrativas<\/strong><\/p>\n<p>O Governo do DF realizou ontem um grande evento para chamar a aten\u00e7\u00e3o da cidade. Logo de manh\u00e3 quem passou pela Esplanada dos Minist\u00e9rios se deparou com uma fila de tratores dispostos no canteiro central para a apresenta\u00e7\u00e3o do programa Cidade Sempre Limpa. O governador Ibaneis Rocha (MDB), j\u00e1 pr\u00e9-candidato declarado \u00e0 reelei\u00e7\u00e3o, deu a largada para a campanha de manuten\u00e7\u00e3o e conserva\u00e7\u00e3o das 33 regi\u00f5es administrativas por tr\u00eas meses.<\/p>\n<p>&nbsp;<\/p>\n<p><strong>Propaganda com elogio do advers\u00e1rio<\/strong><\/p>\n<p>O senador Jos\u00e9 Ant\u00f4nio Reguffe (UB-DF) postou no stories do Instagram o elogio que recebeu do governador Ibaneis Rocha (MDB) em entrevista concedida ao programa CB.Poder, parceria do Correio Braziliense com a TV Bras\u00edlia. Na postagem, o senador escreveu: \u201cIbaneis reconhece mandato de Reguffe\u201d. Na entrevista, Ibaneis disse que respeita o pol\u00edtico e admira o trabalho dele de destina\u00e7\u00e3o de<\/p>\n<p>verbas para a sa\u00fade.<\/p>\n<p>&nbsp;<\/p>\n<p><strong>Parab\u00e9ns, Bras\u00edlia!<\/strong><\/p>\n<p>Qual foi o melhor momento que voc\u00ea viveu em Bras\u00edlia, capital que completa hoje 62 anos? Comente hoje no post do perfil da coluna no Instagram @eixocapital<\/p>\n<p>&nbsp;<\/p>\n<p><strong>Hist\u00f3ria na capa<\/strong><\/p>\n<p>Sessenta e duas capas do Correio Braziliense no anivers\u00e1rio de Bras\u00edlia. O jornal que faz parte e conta a hist\u00f3ria da capital abre hoje uma exposi\u00e7\u00e3o com a mem\u00f3ria da cobertura jornal\u00edstica de todos os dias 21 de abril desde 1960. Ser\u00e1 no Centro Cultural Banco do Brasil Bras\u00edlia.<\/p>\n<p><strong>S\u00f3 papos\u00a0<\/strong><\/p>\n<p>\u201cUm fato: Bolsonaro amea\u00e7a as elei\u00e7\u00f5es de outubro porque est\u00e1 morrendo de medo da derrota. Sabe que seu futuro \u00e9 a cadeia\u201d<\/p>\n<p>Deputada<\/p>\n<p>\u00c9rika Kokay (PT-DF)<\/p>\n<p>&nbsp;<\/p>\n<p>\u201cMedo de perder? Ir para a cadeia? Me poupe, senhora deputada. Pelo que sei quem foi preso duas vezes foi seu chefe e \u00e9 ele quem tem medo at\u00e9 de sair nas ruas\u201d<\/p>\n<p>Ex-ministra Damares Alves (Republicanos)<\/p>\n","protected":false},"excerpt":{"rendered":"<p>Cruz Macedo assume amanh\u00e3 presid\u00eancia do Tribunal de Justi\u00e7a O dia amanh\u00e3 ser\u00e1 de festa no Judici\u00e1rio do DF. O novo presidente do Tribunal de Justi\u00e7a do Distrito Federal e Territ\u00f3rios (TJDFT), Cruz Macedo, tomar\u00e1 posse para a gest\u00e3o de 2022-2024, ao lado dos colegas J. J. Costa Carvalho como corregedor da Justi\u00e7a, Angelo Canducci Passareli, na 1\u00aa vice-presid\u00eancia, e [&hellip;]<\/p>\n","protected":false},"author":9,"featured_media":1319,"comment_status":"open","ping_status":"open","sticky":false,"template":"","format":"standard","meta":{"footnotes":""},"categories":[1],"tags":[],"class_list":["post-1318","post","type-post","status-publish","format-standard","has-post-thumbnail","hentry","category-sem-categoria"],"_links":{"self":[{"href":"https:\/\/blogs.correiobraziliense.com.br\/eixocapital\/wp-json\/wp\/v2\/posts\/1318","targetHints":{"allow":["GET"]}}],"collection":[{"href":"https:\/\/blogs.correiobraziliense.com.br\/eixocapital\/wp-json\/wp\/v2\/posts"}],"about":[{"href":"https:\/\/blogs.correiobraziliense.com.br\/eixocapital\/wp-json\/wp\/v2\/types\/post"}],"author":[{"embeddable":true,"href":"https:\/\/blogs.correiobraziliense.com.br\/eixocapital\/wp-json\/wp\/v2\/users\/9"}],"replies":[{"embeddable":true,"href":"https:\/\/blogs.correiobraziliense.com.br\/eixocapital\/wp-json\/wp\/v2\/comments?post=1318"}],"version-history":[{"count":1,"href":"https:\/\/blogs.correiobraziliense.com.br\/eixocapital\/wp-json\/wp\/v2\/posts\/1318\/revisions"}],"predecessor-version":[{"id":1320,"href":"https:\/\/blogs.correiobraziliense.com.br\/eixocapital\/wp-json\/wp\/v2\/posts\/1318\/revisions\/1320"}],"wp:featuredmedia":[{"embeddable":true,"href":"https:\/\/blogs.correiobraziliense.com.br\/eixocapital\/wp-json\/wp\/v2\/media\/1319"}],"wp:attachment":[{"href":"https:\/\/blogs.correiobraziliense.com.br\/eixocapital\/wp-json\/wp\/v2\/media?parent=1318"}],"wp:term":[{"taxonomy":"category","embeddable":true,"href":"https:\/\/blogs.correiobraziliense.com.br\/eixocapital\/wp-json\/wp\/v2\/categories?post=1318"},{"taxonomy":"post_tag","embeddable":true,"href":"https:\/\/blogs.correiobraziliense.com.br\/eixocapital\/wp-json\/wp\/v2\/tags?post=1318"}],"curies":[{"name":"wp","href":"https:\/\/api.w.org\/{rel}","templated":true}]}}