{"id":1315,"date":"2022-04-20T07:30:53","date_gmt":"2022-04-20T10:30:53","guid":{"rendered":"https:\/\/blogs.correiobraziliense.com.br\/eixocapital\/?p=1315"},"modified":"2022-04-20T07:31:45","modified_gmt":"2022-04-20T10:31:45","slug":"ibaneis-deixa-claros-alguns-pontos-da-corrida-pela-reeleicao","status":"publish","type":"post","link":"https:\/\/blogs.correiobraziliense.com.br\/eixocapital\/2022\/04\/20\/ibaneis-deixa-claros-alguns-pontos-da-corrida-pela-reeleicao\/","title":{"rendered":"Ibaneis deixa claros alguns pontos da corrida pela reelei\u00e7\u00e3o"},"content":{"rendered":"<p><strong>Coluna Eixo Capital, por Ana Maria Campos<\/strong><\/p>\n<p>O governador Ibaneis Rocha (MDB) deixou alguns pontos claros sobre as pr\u00f3ximas elei\u00e7\u00f5es, durante <a href=\"https:\/\/www.correiobraziliense.com.br\/cidades-df\/2022\/04\/5001733-eleicoes-2022-ibaneis-da-largada-a-corrida-eleitoral-ao-gdf.html\"><strong>entrevista ao programa CB.Poder<\/strong><\/a>, que foi ao ar ontem. Ele \u00e9 realmente candidato \u00e0 reelei\u00e7\u00e3o em uma frente ampla de partidos.<br \/>\nA movimenta\u00e7\u00e3o j\u00e1 evidenciava essa pretens\u00e3o. Mas agora Ibaneis foi incisivo. Disse que gosta de desafios e que sente o apoio da popula\u00e7\u00e3o nas ruas. H\u00e1 dois anos, Ibaneis afirmou ao Correio, em entrevista, que n\u00e3o colocaria seu nome<br \/>\nnuma disputa se sentisse a rejei\u00e7\u00e3o nas ruas.<\/p>\n<p><strong>Palanque para Bolsonaro<br \/>\n<\/strong>Na entrevista, Ibaneis disse que o presidente Jair Bolsonaro ter\u00e1 palanque garantido no DF porque em sua chapa h\u00e1 v\u00e1rios partidos da base bolsonarista, como o PP, PL e o Republicanos. E afirmou que entre Lula e Bolsonaro, estar\u00e1 com o presidente. Mas se a candidatura da senadora Simone Tebet (MDB-MS) vingar, Ibaneis ficar\u00e1 neutro na briga entre petistas e bolsonaristas. Este, para ele, seria o melhor cen\u00e1rio, segundo avaliam aliados.<\/p>\n<p><strong>Sem brigas com Reguffe<br \/>\n<\/strong>Ibaneis n\u00e3o fez cr\u00edticas ao senador Jos\u00e9 Ant\u00f4nio Reguffe (UB-DF), potencial advers\u00e1rio nas pr\u00f3ximas elei\u00e7\u00f5es. Na verdade, fez elogios. Deixou o embate para a campanha ou n\u00e3o acredita na candidatura de Reguffe e conta no m\u00ednimo com a neutralidade dele em rela\u00e7\u00e3o a seu mandato.<\/p>\n<p><strong>Vice no final<\/strong><br \/>\nA escolha do vice ou da vice na chapa de Ibaneis \u00e0 reelei\u00e7\u00e3o n\u00e3o depende apenas da vontade de Ibaneis, embora evidentemente ele tenha poder de veto e da palavra final. O governador disse que a escolha passa por uma composi\u00e7\u00e3o pol\u00edtica. Segundo aliados, essa decis\u00e3o ser\u00e1 tomada nos \u00faltimos minutos do jogo. Quando um nome for escolhido outros ser\u00e3o contrariados. Melhor adiar este momento.<\/p>\n<p><strong>Reajustes iguais para todos<br \/>\n<\/strong>Sobre o reajuste das for\u00e7as de seguran\u00e7a, o governador Ibaneis Rocha garantiu para encerrar as d\u00favidas: a recomposi\u00e7\u00e3o \u00e9 igual para civis e militares. A diferen\u00e7a ocorre porque as carreiras diferem e os sal\u00e1rios l\u00edquidos s\u00e3o calculados de forma diversa. Mas para os reajustes entrarem nos contracheques falta o envio pelo presidente Bolsonaro da proposta ao Congresso e a aprova\u00e7\u00e3o.<\/p>\n<p><strong>Aliados<br \/>\n<\/strong>Ao discursar ontem na troca do comando da PM, o vice-governador Paco Britto (Avante) deixou propositalmente a cita\u00e7\u00e3o a Jos\u00e9 Roberto Arruda para o final, depois de ler todos os nomes das autoridades presentes. Disse que a inten\u00e7\u00e3o era prestar uma homenagem especial ao ex-governador como &#8220;amigo da PM&#8221;. Paco conta com o apoio do casal Arruda para permanecer como vice na chapa de Ibaneis.<\/p>\n","protected":false},"excerpt":{"rendered":"<p>O governador Ibaneis Rocha (MDB) deixou alguns pontos claros sobre as pr\u00f3ximas elei\u00e7\u00f5es, durante entrevista ao programa CB.Poder, que foi ao ar ontem<\/p>\n","protected":false},"author":9,"featured_media":1316,"comment_status":"open","ping_status":"open","sticky":false,"template":"","format":"standard","meta":{"footnotes":""},"categories":[247],"tags":[29,53],"class_list":["post-1315","post","type-post","status-publish","format-standard","has-post-thumbnail","hentry","category-eixo-capital","tag-eleicoes-2022","tag-ibaneis-rocha"],"_links":{"self":[{"href":"https:\/\/blogs.correiobraziliense.com.br\/eixocapital\/wp-json\/wp\/v2\/posts\/1315","targetHints":{"allow":["GET"]}}],"collection":[{"href":"https:\/\/blogs.correiobraziliense.com.br\/eixocapital\/wp-json\/wp\/v2\/posts"}],"about":[{"href":"https:\/\/blogs.correiobraziliense.com.br\/eixocapital\/wp-json\/wp\/v2\/types\/post"}],"author":[{"embeddable":true,"href":"https:\/\/blogs.correiobraziliense.com.br\/eixocapital\/wp-json\/wp\/v2\/users\/9"}],"replies":[{"embeddable":true,"href":"https:\/\/blogs.correiobraziliense.com.br\/eixocapital\/wp-json\/wp\/v2\/comments?post=1315"}],"version-history":[{"count":1,"href":"https:\/\/blogs.correiobraziliense.com.br\/eixocapital\/wp-json\/wp\/v2\/posts\/1315\/revisions"}],"predecessor-version":[{"id":1317,"href":"https:\/\/blogs.correiobraziliense.com.br\/eixocapital\/wp-json\/wp\/v2\/posts\/1315\/revisions\/1317"}],"wp:featuredmedia":[{"embeddable":true,"href":"https:\/\/blogs.correiobraziliense.com.br\/eixocapital\/wp-json\/wp\/v2\/media\/1316"}],"wp:attachment":[{"href":"https:\/\/blogs.correiobraziliense.com.br\/eixocapital\/wp-json\/wp\/v2\/media?parent=1315"}],"wp:term":[{"taxonomy":"category","embeddable":true,"href":"https:\/\/blogs.correiobraziliense.com.br\/eixocapital\/wp-json\/wp\/v2\/categories?post=1315"},{"taxonomy":"post_tag","embeddable":true,"href":"https:\/\/blogs.correiobraziliense.com.br\/eixocapital\/wp-json\/wp\/v2\/tags?post=1315"}],"curies":[{"name":"wp","href":"https:\/\/api.w.org\/{rel}","templated":true}]}}