{"id":1312,"date":"2022-04-20T07:19:51","date_gmt":"2022-04-20T10:19:51","guid":{"rendered":"https:\/\/blogs.correiobraziliense.com.br\/eixocapital\/?p=1312"},"modified":"2022-04-20T07:19:51","modified_gmt":"2022-04-20T10:19:51","slug":"leila-barros-sobre-alianca-com-reguffe-seria-um-prazer","status":"publish","type":"post","link":"https:\/\/blogs.correiobraziliense.com.br\/eixocapital\/2022\/04\/20\/leila-barros-sobre-alianca-com-reguffe-seria-um-prazer\/","title":{"rendered":"Leila Barros sobre alian\u00e7a com Reguffe: &#8220;seria um prazer&#8221;"},"content":{"rendered":"<p><strong>Coluna Eixo Capital, por Ana Maria Campos<\/strong><\/p>\n<p>Sobre uma poss\u00edvel parceria com o senador Reguffe, tendo o pol\u00edtico como candidato a novo mandato no Senado, Leila Barros (PDT-DF) disse \u00e0 coluna: &#8220;Seria um prazer. Seria maravilhoso. Seria unirmos for\u00e7as num prop\u00f3sito maior,<br \/>\nque \u00e9 a cidade&#8221;.<\/p>\n<h3>PSol e Rede v\u00e3o caminhar juntos<\/h3>\n<p><a href=\"https:\/\/www.correiobraziliense.com.br\/politica\/2022\/04\/5001600-diretorio-do-psol-aprova-federacao-com-rede-sustentabilidade.html\"><strong>A executiva nacional do PSol aprovou nesta semana a federa\u00e7\u00e3o com a Rede Sustentabilidade<\/strong><\/a>. Os dois partidos v\u00e3o caminhar juntos. No DF, a pr\u00e9-candidata do PSol ao governo, Keka Bagno, deve ter na chapa um nome da Rede na disputa ao Senado. Representante do DF na executiva nacional do PSol, o deputado distrital F\u00e1bio F\u00e9lix votou a favor da uni\u00e3o do partido com a Rede. &#8220;Importante para que o PSol e Rede possam ultrapassar a cl\u00e1usula de barreira&#8221;,<br \/>\ndiz F\u00e9lix.<\/p>\n<p><strong>Recondu\u00e7\u00e3o \u00e0 vista<br \/>\n<\/strong>O Pleno do Tribunal de Justi\u00e7a do DF elegeu ontem duas listas para as vagas de juristas no Tribunal Regional Eleitoral (TRE-DF). Numa das sele\u00e7\u00f5es, os nomes s\u00e3o Renato Guanabara Leal de Ara\u00fajo, Rafael Oliveira de Freitas e Camila Hosken Silva. Na outra lista, est\u00e3o Renato Coelho, Andr\u00e9 Puppin e Ricardo Figueiredo. Detalhe: os dois atuais desembargadores da vaga da OAB, Renato Leal e Renato Coelho, que s\u00e3o procuradores do DF, lideram as listas. Tiveram o mandato aprovado pelo TJDFT e t\u00eam tudo para serem reconduzidos pelo presidente Jair Bolsonaro.<\/p>\n","protected":false},"excerpt":{"rendered":"<p>Parceria teria a senadora Leila Barros candidata ao governo do DF e Reguffe como candidato a novo mandato no Senado Federal<\/p>\n","protected":false},"author":9,"featured_media":1313,"comment_status":"open","ping_status":"open","sticky":false,"template":"","format":"standard","meta":{"footnotes":""},"categories":[247],"tags":[29,64,111],"class_list":["post-1312","post","type-post","status-publish","format-standard","has-post-thumbnail","hentry","category-eixo-capital","tag-eleicoes-2022","tag-tjdft","tag-tre-df"],"_links":{"self":[{"href":"https:\/\/blogs.correiobraziliense.com.br\/eixocapital\/wp-json\/wp\/v2\/posts\/1312","targetHints":{"allow":["GET"]}}],"collection":[{"href":"https:\/\/blogs.correiobraziliense.com.br\/eixocapital\/wp-json\/wp\/v2\/posts"}],"about":[{"href":"https:\/\/blogs.correiobraziliense.com.br\/eixocapital\/wp-json\/wp\/v2\/types\/post"}],"author":[{"embeddable":true,"href":"https:\/\/blogs.correiobraziliense.com.br\/eixocapital\/wp-json\/wp\/v2\/users\/9"}],"replies":[{"embeddable":true,"href":"https:\/\/blogs.correiobraziliense.com.br\/eixocapital\/wp-json\/wp\/v2\/comments?post=1312"}],"version-history":[{"count":1,"href":"https:\/\/blogs.correiobraziliense.com.br\/eixocapital\/wp-json\/wp\/v2\/posts\/1312\/revisions"}],"predecessor-version":[{"id":1314,"href":"https:\/\/blogs.correiobraziliense.com.br\/eixocapital\/wp-json\/wp\/v2\/posts\/1312\/revisions\/1314"}],"wp:featuredmedia":[{"embeddable":true,"href":"https:\/\/blogs.correiobraziliense.com.br\/eixocapital\/wp-json\/wp\/v2\/media\/1313"}],"wp:attachment":[{"href":"https:\/\/blogs.correiobraziliense.com.br\/eixocapital\/wp-json\/wp\/v2\/media?parent=1312"}],"wp:term":[{"taxonomy":"category","embeddable":true,"href":"https:\/\/blogs.correiobraziliense.com.br\/eixocapital\/wp-json\/wp\/v2\/categories?post=1312"},{"taxonomy":"post_tag","embeddable":true,"href":"https:\/\/blogs.correiobraziliense.com.br\/eixocapital\/wp-json\/wp\/v2\/tags?post=1312"}],"curies":[{"name":"wp","href":"https:\/\/api.w.org\/{rel}","templated":true}]}}