{"id":1290,"date":"2022-04-13T17:22:14","date_gmt":"2022-04-13T20:22:14","guid":{"rendered":"https:\/\/blogs.correiobraziliense.com.br\/eixocapital\/?p=1290"},"modified":"2022-04-13T17:22:14","modified_gmt":"2022-04-13T20:22:14","slug":"pdt-prepara-ato-para-lancamento-da-pre-candidatura-de-leila-barros-ao-gdf","status":"publish","type":"post","link":"https:\/\/blogs.correiobraziliense.com.br\/eixocapital\/2022\/04\/13\/pdt-prepara-ato-para-lancamento-da-pre-candidatura-de-leila-barros-ao-gdf\/","title":{"rendered":"PDT prepara ato para lan\u00e7amento da pr\u00e9-candidatura de Leila Barros ao GDF"},"content":{"rendered":"<h4>ANA MARIA CAMPOS<\/h4>\n<p class=\"p1\"><span class=\"s1\">O PDT prepara um ato para o lan\u00e7amento oficial da pr\u00e9-candidatura da senadora Leila Barros ao Governo do Distrito Federal. Ser\u00e1 na pr\u00f3xima segunda-feira (18), logo ap\u00f3s o feriado da P\u00e1scoa.<\/span><\/p>\n<p class=\"p1\"><span class=\"s1\">\u00a0<\/span><\/p>\n<p class=\"p1\"><span class=\"s1\">O compromisso foi acertado nesta tarde (13) e contar\u00e1 com a presen\u00e7a de Ciro Gomes, pr\u00e9-candidato \u00e0 Presid\u00eancia da Rep\u00fablica, um dos principais entusiastas da participa\u00e7\u00e3o de Leila na corrida ao Pal\u00e1cio do Buriti.<\/span><\/p>\n<p class=\"p1\"><span class=\"s1\">\u00a0<\/span><\/p>\n<p class=\"p1\"><span class=\"s1\">Leila tem mandato no Senado at\u00e9 2027 e, portanto, est\u00e1 em um bom momento para arriscar uma candidatura ao GDF, mesmo que seja para uma crescer politicamente. Mas pode subir a ponto de se tornar competitiva e chegar ao segundo turno.<\/span><\/p>\n","protected":false},"excerpt":{"rendered":"<p>ANA MARIA CAMPOS O PDT prepara um ato para o lan\u00e7amento oficial da pr\u00e9-candidatura da senadora Leila Barros ao Governo do Distrito Federal. Ser\u00e1 na pr\u00f3xima segunda-feira (18), logo ap\u00f3s o feriado da P\u00e1scoa. \u00a0 O compromisso foi acertado nesta tarde (13) e contar\u00e1 com a presen\u00e7a de Ciro Gomes, pr\u00e9-candidato \u00e0 Presid\u00eancia da Rep\u00fablica, um dos principais entusiastas da [&hellip;]<\/p>\n","protected":false},"author":9,"featured_media":149,"comment_status":"open","ping_status":"open","sticky":false,"template":"","format":"standard","meta":{"footnotes":""},"categories":[1],"tags":[389,484,29,361,290,104],"class_list":["post-1290","post","type-post","status-publish","format-standard","has-post-thumbnail","hentry","category-sem-categoria","tag-buriti","tag-ciro-gomes","tag-eleicoes-2022","tag-gdf","tag-leila-barros","tag-pdt"],"_links":{"self":[{"href":"https:\/\/blogs.correiobraziliense.com.br\/eixocapital\/wp-json\/wp\/v2\/posts\/1290","targetHints":{"allow":["GET"]}}],"collection":[{"href":"https:\/\/blogs.correiobraziliense.com.br\/eixocapital\/wp-json\/wp\/v2\/posts"}],"about":[{"href":"https:\/\/blogs.correiobraziliense.com.br\/eixocapital\/wp-json\/wp\/v2\/types\/post"}],"author":[{"embeddable":true,"href":"https:\/\/blogs.correiobraziliense.com.br\/eixocapital\/wp-json\/wp\/v2\/users\/9"}],"replies":[{"embeddable":true,"href":"https:\/\/blogs.correiobraziliense.com.br\/eixocapital\/wp-json\/wp\/v2\/comments?post=1290"}],"version-history":[{"count":1,"href":"https:\/\/blogs.correiobraziliense.com.br\/eixocapital\/wp-json\/wp\/v2\/posts\/1290\/revisions"}],"predecessor-version":[{"id":1291,"href":"https:\/\/blogs.correiobraziliense.com.br\/eixocapital\/wp-json\/wp\/v2\/posts\/1290\/revisions\/1291"}],"wp:featuredmedia":[{"embeddable":true,"href":"https:\/\/blogs.correiobraziliense.com.br\/eixocapital\/wp-json\/wp\/v2\/media\/149"}],"wp:attachment":[{"href":"https:\/\/blogs.correiobraziliense.com.br\/eixocapital\/wp-json\/wp\/v2\/media?parent=1290"}],"wp:term":[{"taxonomy":"category","embeddable":true,"href":"https:\/\/blogs.correiobraziliense.com.br\/eixocapital\/wp-json\/wp\/v2\/categories?post=1290"},{"taxonomy":"post_tag","embeddable":true,"href":"https:\/\/blogs.correiobraziliense.com.br\/eixocapital\/wp-json\/wp\/v2\/tags?post=1290"}],"curies":[{"name":"wp","href":"https:\/\/api.w.org\/{rel}","templated":true}]}}