{"id":1286,"date":"2022-04-13T07:33:55","date_gmt":"2022-04-13T10:33:55","guid":{"rendered":"https:\/\/blogs.correiobraziliense.com.br\/eixocapital\/?p=1286"},"modified":"2022-04-13T07:33:55","modified_gmt":"2022-04-13T10:33:55","slug":"anna-christina-kubitschek-entra-no-jogo-das-eleicoes-no-df","status":"publish","type":"post","link":"https:\/\/blogs.correiobraziliense.com.br\/eixocapital\/2022\/04\/13\/anna-christina-kubitschek-entra-no-jogo-das-eleicoes-no-df\/","title":{"rendered":"Anna Christina Kubitschek entra no jogo das elei\u00e7\u00f5es no DF"},"content":{"rendered":"<p><strong>Coluna Eixo Capital, por Ana Maria Campos<\/strong><\/p>\n<p>Anna Christina Kubitschek ganhou apoio de evang\u00e9licos para ser a <a href=\"https:\/\/www.correiobraziliense.com.br\/cidades-df\/2022\/03\/4996713-ibaneis-e-paco-britto-devem-renovar-chapa-para-reeleicao-no-df.html\"><strong>vice na chapa de Ibaneis Rocha<\/strong><\/a>. Mulher do empres\u00e1rio Paulo Oct\u00e1vio, ela entrou no jogo como nome prov\u00e1vel. A neta de JK \u00e9 filiada ao PSD, partido da base de apoio de Ibaneis. Embora n\u00e3o se envolva diretamente em pol\u00edtica, Anna Christina \u00e9 sempre cotada para chapas majorit\u00e1rias. A pol\u00edtica est\u00e1 no sangue e o sobrenome \u00e9 prestigiado. O av\u00f4 e a m\u00e3e, M\u00e1rcia Kubitschek, tiveram mandato. No casal, no entanto, j\u00e1 h\u00e1 um pr\u00e9-candidato a cargo majorit\u00e1rio. <a href=\"https:\/\/blogs.correiobraziliense.com.br\/eixocapital\/2022\/03\/30\/psd-recebe-102-novos-filiados-e-kassab-lanca-paulo-octavio-ao-senado\/\"><strong>Paulo Oct\u00e1vio quer voltar ao Senado<\/strong><\/a>.<\/p>\n<h3>Tr\u00eas frentes na disputa ao Senado<\/h3>\n<p>A legisla\u00e7\u00e3o eleitoral permite candidaturas ao Senado independentes, sem alian\u00e7a formal para a disputa ao governo. Por isso, Paulo Oct\u00e1vio e seu grupo podem fazer campanha pela reelei\u00e7\u00e3o de Ibaneis Rocha, sem integrar a coliga\u00e7\u00e3o. O governador teria, assim, duas frentes de apoio na corrida ao Senado. Al\u00e9m de Paulo Oct\u00e1vio, h\u00e1 a pr\u00e9-candidatura de <a href=\"https:\/\/blogs.correiobraziliense.com.br\/eixocapital\/2022\/04\/01\/flavia-arruda-deixa-governo-e-agora-vai-enfrentar-adversarios-abertos\/\"><strong>Fl\u00e1via Arruda (PL)<\/strong><\/a>. Ou at\u00e9 mesmo tr\u00eas frentes, se o Republicanos lan\u00e7ar a <a href=\"https:\/\/www.correiobraziliense.com.br\/politica\/2022\/04\/4998387-ex-ministra-damares-alves-altera-domicilio-eleitoral-para-o-df.html\"><strong>ex-ministra Damares Alves<\/strong><\/a> ao posto.<\/p>\n<p><strong>Mais candidaturas avulsas<br \/>\n<\/strong>Nessa possibilidade de candidatura avulsa, o advogado Paulo Roque, lan\u00e7ado pr\u00e9-candidato ao governo pelo Novo, pode liderar uma chapa sem cabe\u00e7a. O que ele quer mesmo \u00e9 entrar na competi\u00e7\u00e3o pelo Senado. Na \u00faltima elei\u00e7\u00e3o, Roque teve 202 mil votos e aposta em um bom desempenho neste ano.<\/p>\n<p><strong>Distante, sem guerra<br \/>\n<\/strong>O governador Ibaneis Rocha (MDB) n\u00e3o foi ao jantar na casa do ex-senador Eun\u00edcio Oliveira (MDB-CE), em que v\u00e1rios emedebistas foram dar um abra\u00e7o no ex-presidente Lula e declarar apoio \u00e0 candidatura do petista, na noite de segunda-feira. No outro jantar para Lula na casa de Eun\u00edcio, no ano passado, Ibaneis tamb\u00e9m ficou fora da bajula\u00e7\u00e3o. Ele n\u00e3o quer dar sinal trocado. Mas n\u00e3o vai deixar de procurar o PT num eventual segundo turno no DF.<\/p>\n<p><strong>Uni\u00e3o no combate ao crime organizado<br \/>\n<\/strong>O combate ao crime organizado na Am\u00e9rica do Sul ser\u00e1 intensificado com um plano elaborado pelo Minist\u00e9rio da Justi\u00e7a e Seguran\u00e7a P\u00fablica, apresentado ontem pelo ministro Anderson Torres a autoridades do Paraguai. Dados do Minist\u00e9rio mostram que a opera\u00e7\u00e3o brasileiro-paraguaia &#8220;Nova Alian\u00e7a&#8221;, entre 2019 e 2021, possibilitou a destrui\u00e7\u00e3o de 11.620 toneladas de maconha em ambos os territ\u00f3rios. S\u00f3 no ano passado foram erradicadas 5.401 toneladas da droga. Tamb\u00e9m as duas na\u00e7\u00f5es, pela &#8220;Opera\u00e7\u00e3o Status&#8221;, em 2020, apreenderam R$ 230 milh\u00f5es em bens de traficantes que atuavam pr\u00f3ximo \u00e0 cidade de Pedro Juan Caballero (Paraguai). E com as &#8220;Opera\u00e7\u00f5es Fronteira Segura I, II e III&#8221; policiais prenderam lideran\u00e7as do PCC que atuavam entre Pedro Juan Caballero e Ponta Por\u00e3 (Brasil).<\/p>\n<p><strong>Despedida de Sandra de Santis<br \/>\n<\/strong>Os desembargadores do Tribunal de Justi\u00e7a do Distrito Federal e Territ\u00f3rios (TJDFT) se despediram ontem de Sandra de Santis que vai se aposentar depois de 33 anos de magistratura. A desembargadora recebeu uma homenagem carinhosa dos colegas. Muitos lembraram da atua\u00e7\u00e3o de Sandra como ju\u00edza do Tribunal de J\u00fari de Bras\u00edlia, quando presidiu julgamentos de grande repercuss\u00e3o, como o dos jovens que atearam fogo no \u00edndio patax\u00f3 Galdino Jesus dos Santos, ou no caso dos assassinos de Marco Ant\u00f4nio Velasco, 16 anos, espancado at\u00e9 a morte por 11 integrantes da chamada &#8220;Falange Sat\u00e2nica&#8221;. Sandra de Santis sempre se emocionava nesses julgamentos, ao mostrar um lado humano al\u00e9m do papel de ju\u00edza. &#8220;Vai deixar muita saudade no tribunal&#8221;, afirma o desembargador Roberval Belinati. Casada com o ministro aposentado do STF Marco Aur\u00e9lio Mello, a desembargadora completa 75 anos em 18 de abril. &#8220;Com a minha aposentadoria, terei mais tempo para cuidar da minha m\u00e3e e do meu jardim&#8221;, disse aos colegas.<\/p>\n<p><strong>Uma noite de poesia<br \/>\n<\/strong>Foi um sucesso a exposi\u00e7\u00e3o de arte <em>Influ\u00eancia do Brasil Central na Arte Mundial<\/em>, realizada na \u00faltima sexta-feira na Pousada Relais Amadeus em Piren\u00f3polis. O evento foi prestigiado com a presen\u00e7a de poetas, artistas e pol\u00edticos, tendo como patrono o ex-governador de Goi\u00e1s Marconi Perillo. Entre os envolvidos, a artista pl\u00e1stica Maria Guilhermina, o escritor e editor Luiz Fernando Emediato, o poeta e advogado Ant\u00f4nio Carlos de Almeida Castro, o Kakay, o editor de Cultura e Cidades do Correio, Jos\u00e9 Carlos Vieira, e o curador Eduardo Collenghi. Todos aguardam a segunda edi\u00e7\u00e3o.<\/p>\n<p><strong>Vem a\u00ed o debate do Correio com os candidatos ao Buriti<\/strong><\/p>\n<p>O <strong>Correio Braziliense<\/strong> vai promover em 18 de agosto um debate com os candidatos ao Governo do Distrito Federal. A iniciativa j\u00e1 \u00e9 tradi\u00e7\u00e3o nas coberturas do jornal impresso e na internet. Essa \u00e9 uma forma de dar espa\u00e7o para que os concorrentes se apresentem ao eleitorado e o cidad\u00e3o possa conhecer um pouco mais do perfil, das propostas e dos compromissos de quem pretende administrar a capital do pa\u00eds.<\/p>\n","protected":false},"excerpt":{"rendered":"<p>Anna Christina Kubitschek ganhou apoio de evang\u00e9licos para ser a vice de Ibaneis Rocha.  A neta de JK \u00e9 filiada ao PSD, partido da base de apoio de Ibaneis.<\/p>\n","protected":false},"author":9,"featured_media":1287,"comment_status":"open","ping_status":"open","sticky":false,"template":"","format":"standard","meta":{"footnotes":""},"categories":[247],"tags":[483,29,482,64],"class_list":["post-1286","post","type-post","status-publish","format-standard","has-post-thumbnail","hentry","category-eixo-capital","tag-debate","tag-eleicoes-2022","tag-ministerio-da-justica","tag-tjdft"],"_links":{"self":[{"href":"https:\/\/blogs.correiobraziliense.com.br\/eixocapital\/wp-json\/wp\/v2\/posts\/1286","targetHints":{"allow":["GET"]}}],"collection":[{"href":"https:\/\/blogs.correiobraziliense.com.br\/eixocapital\/wp-json\/wp\/v2\/posts"}],"about":[{"href":"https:\/\/blogs.correiobraziliense.com.br\/eixocapital\/wp-json\/wp\/v2\/types\/post"}],"author":[{"embeddable":true,"href":"https:\/\/blogs.correiobraziliense.com.br\/eixocapital\/wp-json\/wp\/v2\/users\/9"}],"replies":[{"embeddable":true,"href":"https:\/\/blogs.correiobraziliense.com.br\/eixocapital\/wp-json\/wp\/v2\/comments?post=1286"}],"version-history":[{"count":1,"href":"https:\/\/blogs.correiobraziliense.com.br\/eixocapital\/wp-json\/wp\/v2\/posts\/1286\/revisions"}],"predecessor-version":[{"id":1288,"href":"https:\/\/blogs.correiobraziliense.com.br\/eixocapital\/wp-json\/wp\/v2\/posts\/1286\/revisions\/1288"}],"wp:featuredmedia":[{"embeddable":true,"href":"https:\/\/blogs.correiobraziliense.com.br\/eixocapital\/wp-json\/wp\/v2\/media\/1287"}],"wp:attachment":[{"href":"https:\/\/blogs.correiobraziliense.com.br\/eixocapital\/wp-json\/wp\/v2\/media?parent=1286"}],"wp:term":[{"taxonomy":"category","embeddable":true,"href":"https:\/\/blogs.correiobraziliense.com.br\/eixocapital\/wp-json\/wp\/v2\/categories?post=1286"},{"taxonomy":"post_tag","embeddable":true,"href":"https:\/\/blogs.correiobraziliense.com.br\/eixocapital\/wp-json\/wp\/v2\/tags?post=1286"}],"curies":[{"name":"wp","href":"https:\/\/api.w.org\/{rel}","templated":true}]}}