{"id":1283,"date":"2022-04-12T07:29:27","date_gmt":"2022-04-12T10:29:27","guid":{"rendered":"https:\/\/blogs.correiobraziliense.com.br\/eixocapital\/?p=1283"},"modified":"2022-04-12T07:29:27","modified_gmt":"2022-04-12T10:29:27","slug":"ibaneis-aposta-no-social-e-nas-obras-de-olho-na-reeleicao","status":"publish","type":"post","link":"https:\/\/blogs.correiobraziliense.com.br\/eixocapital\/2022\/04\/12\/ibaneis-aposta-no-social-e-nas-obras-de-olho-na-reeleicao\/","title":{"rendered":"Ibaneis aposta no social e nas obras de olho na reelei\u00e7\u00e3o"},"content":{"rendered":"<p><strong>Coluna Eixo Capital, por Ana Maria Campos<\/strong><\/p>\n<p>Na campanha \u00e0 reelei\u00e7\u00e3o, o governador Ibaneis Rocha (MDB) chega com uma <a href=\"https:\/\/www.correiobraziliense.com.br\/cidades-df\/2022\/04\/4999765-a-marca-do-atual-governo-sera-de-muitas-obras-diz-jose-humberto-pires.html\"><strong>s\u00e9rie de obras<\/strong><\/a> para apresentar ao eleitor. Mas no estilo de Joaquim Roriz quer firmar seu discurso no lado social, com o lema &#8220;Bras\u00edlia Humanizada&#8221;. Os restaurantes comunit\u00e1rios, conhecidos com o apelido de Roriz\u00e3o, tiveram o atendimento ampliado e o pre\u00e7o reduzido. Al\u00e9m do almo\u00e7o, \u00e9 oferecido caf\u00e9 da manh\u00e3. As filas come\u00e7am cedo. Segundo o secret\u00e1rio de Governo, Jos\u00e9 Humberto Pires, o governo est\u00e1 lan\u00e7ando um novo <a href=\"https:\/\/www.correiobraziliense.com.br\/app\/noticia\/cidades\/2016\/11\/21\/interna_cidadesdf,557977\/restaurante-comunitario-do-itapoa-reabre-depois-de-ficar-7-meses-fecha.shtml\"><strong>restaurante no Itapo\u00e3<\/strong><\/a>, depois de inaugurar o de <a href=\"https:\/\/www.correiobraziliense.com.br\/cidades-df\/2022\/03\/4995870-reforma-do-restaurante-comunitario-na-arniqueira-vai-custar-rs-49-milhoes.html\"><strong>Arniqueira<\/strong><\/a>. O governo ainda far\u00e1 mais cinco novos restaurantes. Em tempos de crise, esse \u00e9 um super cart\u00e3o de visitas para o eleitor de baixa renda. &#8220;\u00c9 uma bela maneira de atender aos que mais precisam. Comida boa a 1 real. Caf\u00e9 da manh\u00e3 a 50 centavos. Vamos ampliar para atender cada vez melhor&#8221;, disse Ibaneis \u00e0 coluna.<\/p>\n<h3>Rodovalho n\u00e3o ser\u00e1 candidato, mas estar\u00e1 com Ibaneis e Bolsonaro<\/h3>\n<p>O Bispo Robson Rodovalho, l\u00edder da Sara Nossa Terra, est\u00e1 filiado ao PP, mas j\u00e1 tomou uma decis\u00e3o: n\u00e3o ser\u00e1 candidato neste ano. Mas n\u00e3o estar\u00e1 distante da campanha. Vai apoiar a reelei\u00e7\u00e3o do presidente Jair Bolsonaro (PL) e do governador Ibaneis Rocha (MDB). Na disputa ao Senado, estar\u00e1 com Fl\u00e1via Arruda (PL).<\/p>\n<p><strong>\u00daltima chamada para retirada<br \/>\n<\/strong>O<a href=\"https:\/\/www.correiobraziliense.com.br\/cidades-df\/2022\/04\/4998927-irregularidade-no-kartodromo-de-brasilia-gera-prejuizo-de-rs1-milhao-ao-ano.html\"><strong> kart\u00f3dromo do aut\u00f3dromo Nelson Piquet<\/strong><\/a> vai continuar funcionando onde est\u00e1. Mas as empresas que exploram o servi\u00e7o ter\u00e3o de ser retiradas por exig\u00eancia do Minist\u00e9rio P\u00fablico do Distrito Federal e Territ\u00f3rios (MPDFT). Desde 1999, estruturas das empresas Ferrari Kart, Amir Nasr Racing, Automec Regulagem, Gramacho Racing e Veloztech (Oliveira &amp; Jobim Ltda.) oferecem servi\u00e7os como aluguel de karts, \u00e1rea destinada para a manuten\u00e7\u00e3o dos ve\u00edculos e venda de lanches e bebidas. O DF Legal vai disponibilizar caminh\u00f5es a partir de hoje para que os pr\u00f3prios empres\u00e1rios providenciem a retirada de seus equipamentos. Uma nova empresa escolhida por licita\u00e7\u00e3o vai explorar o neg\u00f3cio.<\/p>\n<p><strong>Na UTI<br \/>\n<\/strong>O ex-deputado Roney Nemer (PP) est\u00e1 internado em estado grave na UTI do Hospital DF Star. Ele teve uma <a href=\"https:\/\/blogs.correiobraziliense.com.br\/eixocapital\/2022\/04\/11\/ex-deputado-roney-nemer-tem-hemorragia-e-precisa-de-doacao-de-sangue\/\"><strong>hemorragia durante cirurgia<\/strong><\/a> para implante de uma pr\u00f3tese no f\u00eamur. At\u00e9 ontem, estava inconsciente e intubado.<\/p>\n<p><strong>Suspense at\u00e9 a \u00faltima hora<br \/>\n<\/strong>N\u00e3o faltam interessados na vaga de vice da chapa \u00e0 reelei\u00e7\u00e3o de Ibaneis Rocha, mas o governador disse \u00e0 coluna que n\u00e3o est\u00e1 sofrendo nenhuma press\u00e3o. Segundo ele, a decis\u00e3o ser\u00e1 tomada no momento certo, ou seja, nas conven\u00e7\u00f5es em agosto. At\u00e9 l\u00e1, muito suspense.<\/p>\n<p><strong>Voto a voto<br \/>\n<\/strong>A avalia\u00e7\u00e3o entre analistas pol\u00edticos \u00e9 de que no DF sete partidos ou federa\u00e7\u00f5es em condi\u00e7\u00f5es de cumprir o quociente eleitoral para deputado federal: PP, PL, Republicanos, Uni\u00e3o Brasil, MDB, PSB e a federa\u00e7\u00e3o PT-PV-PCdoB. Vai ser uma disputa e tanto para oito vagas. Se cada grupo fizer um deputado, a briga pela segunda vaga ser\u00e1 de cachorro grande e fratricida, dentro dos pr\u00f3prios partidos.<\/p>\n<p><strong>Lula divide MDB<\/strong><br \/>\nO ex-presidente Lula est\u00e1 em Bras\u00edlia para v\u00e1rias conversas com emedebistas e para um <a href=\"https:\/\/www.correiobraziliense.com.br\/politica\/2022\/04\/4999732-lula-chega-a-brasilia-e-deve-visitar-o-acampamento-terra-livre.html\"><strong>encontro com os ind\u00edgenas que est\u00e3o acampados ao lado do Centro de Conven\u00e7\u00f5es Ulysses Guimar\u00e3es<\/strong><\/a>. Um jantar ontem na casa do ex-senador Eun\u00edcio Oliveira (MDB) mostra que, se o MDB n\u00e3o fechar com Lula, seguir\u00e1 rachado em torno da candidatura de Simone Tebet \u00e0 sucess\u00e3o de Bolsonaro, defendida pelo presidente nacional do partido, Baleia Rossi.<\/p>\n<p><strong>PT-DF precisa se entender com Jos\u00e9 Guimar\u00e3es<br \/>\n<\/strong>Quem espera que a presen\u00e7a de Lula em Bras\u00edlia vai pacificar o PT-DF se engana. Candidato \u00e0 Presid\u00eancia, Lula n\u00e3o vai entrar em bola dividida, em disputas regionais dentro do pr\u00f3prio partido. Essa miss\u00e3o est\u00e1 a cargo do vice-presidente nacional do PT, o deputado Jos\u00e9 Guimar\u00e3es (CE).<\/p>\n","protected":false},"excerpt":{"rendered":"<p>Na campanha \u00e0 reelei\u00e7\u00e3o, Ibaneis Rocha chega com uma s\u00e9rie de obras. Mas no estilo de Joaquim Roriz quer firmar seu discurso no lado social<\/p>\n","protected":false},"author":9,"featured_media":1284,"comment_status":"open","ping_status":"open","sticky":false,"template":"","format":"standard","meta":{"footnotes":""},"categories":[247],"tags":[29,481,480,473],"class_list":["post-1283","post","type-post","status-publish","format-standard","has-post-thumbnail","hentry","category-eixo-capital","tag-eleicoes-2022","tag-kartodromo","tag-obras","tag-roney-nemer"],"_links":{"self":[{"href":"https:\/\/blogs.correiobraziliense.com.br\/eixocapital\/wp-json\/wp\/v2\/posts\/1283","targetHints":{"allow":["GET"]}}],"collection":[{"href":"https:\/\/blogs.correiobraziliense.com.br\/eixocapital\/wp-json\/wp\/v2\/posts"}],"about":[{"href":"https:\/\/blogs.correiobraziliense.com.br\/eixocapital\/wp-json\/wp\/v2\/types\/post"}],"author":[{"embeddable":true,"href":"https:\/\/blogs.correiobraziliense.com.br\/eixocapital\/wp-json\/wp\/v2\/users\/9"}],"replies":[{"embeddable":true,"href":"https:\/\/blogs.correiobraziliense.com.br\/eixocapital\/wp-json\/wp\/v2\/comments?post=1283"}],"version-history":[{"count":1,"href":"https:\/\/blogs.correiobraziliense.com.br\/eixocapital\/wp-json\/wp\/v2\/posts\/1283\/revisions"}],"predecessor-version":[{"id":1285,"href":"https:\/\/blogs.correiobraziliense.com.br\/eixocapital\/wp-json\/wp\/v2\/posts\/1283\/revisions\/1285"}],"wp:featuredmedia":[{"embeddable":true,"href":"https:\/\/blogs.correiobraziliense.com.br\/eixocapital\/wp-json\/wp\/v2\/media\/1284"}],"wp:attachment":[{"href":"https:\/\/blogs.correiobraziliense.com.br\/eixocapital\/wp-json\/wp\/v2\/media?parent=1283"}],"wp:term":[{"taxonomy":"category","embeddable":true,"href":"https:\/\/blogs.correiobraziliense.com.br\/eixocapital\/wp-json\/wp\/v2\/categories?post=1283"},{"taxonomy":"post_tag","embeddable":true,"href":"https:\/\/blogs.correiobraziliense.com.br\/eixocapital\/wp-json\/wp\/v2\/tags?post=1283"}],"curies":[{"name":"wp","href":"https:\/\/api.w.org\/{rel}","templated":true}]}}