{"id":1280,"date":"2022-04-11T17:04:33","date_gmt":"2022-04-11T20:04:33","guid":{"rendered":"https:\/\/blogs.correiobraziliense.com.br\/eixocapital\/?p=1280"},"modified":"2022-04-11T17:04:33","modified_gmt":"2022-04-11T20:04:33","slug":"ex-deputado-roney-nemer-tem-hemorragia-e-precisa-de-doacao-de-sangue","status":"publish","type":"post","link":"https:\/\/blogs.correiobraziliense.com.br\/eixocapital\/2022\/04\/11\/ex-deputado-roney-nemer-tem-hemorragia-e-precisa-de-doacao-de-sangue\/","title":{"rendered":"Ex-deputado Roney Nemer tem hemorragia e precisa de doa\u00e7\u00e3o de sangue"},"content":{"rendered":"<h4>ANA MARIA CAMPOS<\/h4>\n<p>&nbsp;<\/p>\n<p class=\"p1\"><span class=\"s1\">O ex-deputado Roney Nemer (PP) se internou para realizar uma cirurgia de implante de uma pr\u00f3tese entre o f\u00eamur e o quadril e sofreu uma intercorr\u00eancia. Durante o procedimento, houve uma ruptura da art\u00e9ria femural que causou hemorragia.<\/span><\/p>\n<p class=\"p1\"><span class=\"s1\">\u00a0<\/span><\/p>\n<p class=\"p1\"><span class=\"s1\">Roney foi rapidamente atendido por cirurgi\u00f5es cardiovasculares do Hospital DF Star, onde ele faria a cirurgia,\u00a0e o problema foi contornado. Mesmo assim, o ex-deputado est\u00e1 internado na UTI, em estado grave. Est\u00e1 inconsciente e intubado.<\/span><\/p>\n<p class=\"p1\"><span class=\"s1\">\u00a0<\/span><\/p>\n<p class=\"p1\"><span class=\"s1\">A fam\u00edlia de Roney, que \u00e9 muito voltado \u00e0 religi\u00e3o cat\u00f3lica, pede ora\u00e7\u00f5es e tamb\u00e9m doa\u00e7\u00f5es de sangue. O tipo sangu\u00edneo do ex-deputado (O-) \u00e9 raro e o estoque est\u00e1 muito baixo.<\/span><\/p>\n<p>&nbsp;<\/p>\n<p class=\"p1\">Roney estava com um problema na perna que o deixou mancando. O desgaste teria sido provocado pela atividade f\u00edsica.<\/p>\n<p class=\"p1\"><span class=\"s1\">\u00a0<\/span><\/p>\n<p class=\"p1\"><span class=\"s1\">Servi\u00e7o:<\/span><\/p>\n<p class=\"p1\"><span class=\"s1\">Local de Coleta de Sangue<br \/>\nCentro Cl\u00ednico Advance 1 \u2013 Banco de sangue GSH<br \/>\nSubsolo -2<br \/>\nObserva\u00e7\u00e3o: \u00c9 necess\u00e1rio dar o nome do paciente \u2013 Roney Tanios Nemer<br \/>\nFone: <a href=\"tel:3011-7531\">3011-7531<\/a><br \/>\nPara repor o estoque pode ser doado qualquer tipo de sangue<br \/>\nHor\u00e1rio para doa\u00e7\u00e3o: 7h \u00e0s 18h<br \/>\n\u00danico\u00a0requisito: estar bem alimentado e sem consumir bebida alco\u00f3lica nas ultimas 12 horas<\/span><\/p>\n","protected":false},"excerpt":{"rendered":"<p>ANA MARIA CAMPOS &nbsp; O ex-deputado Roney Nemer (PP) se internou para realizar uma cirurgia de implante de uma pr\u00f3tese entre o f\u00eamur e o quadril e sofreu uma intercorr\u00eancia. Durante o procedimento, houve uma ruptura da art\u00e9ria femural que causou hemorragia. \u00a0 Roney foi rapidamente atendido por cirurgi\u00f5es cardiovasculares do Hospital DF Star, onde ele faria a cirurgia,\u00a0e o [&hellip;]<\/p>\n","protected":false},"author":9,"featured_media":1281,"comment_status":"open","ping_status":"open","sticky":false,"template":"","format":"standard","meta":{"footnotes":""},"categories":[247],"tags":[479,478,476,477,384,475,473,474],"class_list":["post-1280","post","type-post","status-publish","format-standard","has-post-thumbnail","hentry","category-eixo-capital","tag-df-star","tag-doacao-de-sangue","tag-femur","tag-hemorragia","tag-pp","tag-protese","tag-roney-nemer","tag-sangue"],"_links":{"self":[{"href":"https:\/\/blogs.correiobraziliense.com.br\/eixocapital\/wp-json\/wp\/v2\/posts\/1280","targetHints":{"allow":["GET"]}}],"collection":[{"href":"https:\/\/blogs.correiobraziliense.com.br\/eixocapital\/wp-json\/wp\/v2\/posts"}],"about":[{"href":"https:\/\/blogs.correiobraziliense.com.br\/eixocapital\/wp-json\/wp\/v2\/types\/post"}],"author":[{"embeddable":true,"href":"https:\/\/blogs.correiobraziliense.com.br\/eixocapital\/wp-json\/wp\/v2\/users\/9"}],"replies":[{"embeddable":true,"href":"https:\/\/blogs.correiobraziliense.com.br\/eixocapital\/wp-json\/wp\/v2\/comments?post=1280"}],"version-history":[{"count":1,"href":"https:\/\/blogs.correiobraziliense.com.br\/eixocapital\/wp-json\/wp\/v2\/posts\/1280\/revisions"}],"predecessor-version":[{"id":1282,"href":"https:\/\/blogs.correiobraziliense.com.br\/eixocapital\/wp-json\/wp\/v2\/posts\/1280\/revisions\/1282"}],"wp:featuredmedia":[{"embeddable":true,"href":"https:\/\/blogs.correiobraziliense.com.br\/eixocapital\/wp-json\/wp\/v2\/media\/1281"}],"wp:attachment":[{"href":"https:\/\/blogs.correiobraziliense.com.br\/eixocapital\/wp-json\/wp\/v2\/media?parent=1280"}],"wp:term":[{"taxonomy":"category","embeddable":true,"href":"https:\/\/blogs.correiobraziliense.com.br\/eixocapital\/wp-json\/wp\/v2\/categories?post=1280"},{"taxonomy":"post_tag","embeddable":true,"href":"https:\/\/blogs.correiobraziliense.com.br\/eixocapital\/wp-json\/wp\/v2\/tags?post=1280"}],"curies":[{"name":"wp","href":"https:\/\/api.w.org\/{rel}","templated":true}]}}