{"id":1263,"date":"2022-04-07T12:25:29","date_gmt":"2022-04-07T15:25:29","guid":{"rendered":"https:\/\/blogs.correiobraziliense.com.br\/eixocapital\/?p=1263"},"modified":"2022-04-07T12:25:29","modified_gmt":"2022-04-07T15:25:29","slug":"dos-24-deputados-13-mudaram-de-partido-veja-como-ficou","status":"publish","type":"post","link":"https:\/\/blogs.correiobraziliense.com.br\/eixocapital\/2022\/04\/07\/dos-24-deputados-13-mudaram-de-partido-veja-como-ficou\/","title":{"rendered":"Dos 24 deputados, 13 mudaram de partido. Veja como ficou"},"content":{"rendered":"<h4><strong>ANA MARIA CAMPOS<\/strong><\/h4>\n<p class=\"p1\"><span class=\"s1\"><br \/>\nMais da metade dos distritais trocou de legenda durante o mandato ou agora na janela partid\u00e1ria. Apenas 11 permanecem na sigla em que disputaram as elei\u00e7\u00f5es de 2018.<\/span><\/p>\n<p class=\"p1\"><span class=\"s1\"><br \/>\nCom o troca troca de partidos, o PL ficou com a maior bandada de distritais. Agora s\u00e3o quatro: Agaciel Maia, Daniel Donizet, Reginaldo Sardinha e Roosevelt Vilela.<\/span><\/p>\n<p class=\"p1\"><span class=\"s1\">\u00a0<\/span><\/p>\n<p class=\"p1\"><span class=\"s1\">Dos 24 deputados, cinco v\u00e3o tentar um upgrade. Rafael Prudente (MDB), Jos\u00e9 Gomes (PP), J\u00falia Lucy (Uni\u00e3o Brasil), Reginaldo Veras (PV). Leandro Grass (PV) quer ser candidato a governador. Arlete Sampaio (PT) n\u00e3o vai concorrer. V\u00e3o para a reelei\u00e7\u00e3o 18 deputados.<\/span><\/p>\n<p class=\"p1\"><strong><span class=\"s1\">Novo bloco<\/span><\/strong><\/p>\n<p class=\"p1\"><span class=\"s1\">O PSD que s\u00f3 tinha um deputado distrital, Rob\u00e9rio Negreiros, passa a contar com tr\u00eas pelo ingresso de Cl\u00e1udio Abrantes, ex-PDT, e de Jorge Vianna, que deixou o Podemos. Com isso, a legenda forma um bloco com for\u00e7a para ter espa\u00e7o f\u00edsico na C\u00e2mara, servidores e uma lideran\u00e7a. Jorge Vianna ser\u00e1 o l\u00edder. Rob\u00e9rio permanece como vice-l\u00edder do governo.<\/span><\/p>\n<p class=\"p1\"><strong><span class=\"s1\">Base<\/span><\/strong><\/p>\n<p class=\"p1\"><span class=\"s1\">A base de apoio de Ibaneis, considerando os partidos que apoiam a reelei\u00e7\u00e3o, soma 17 deputados. S\u00e3o 4 do PL, 3 do MDB, 3 do PSD, 2 do Republicanos, 2 do PP e 3 de outros partidos, Agir, Pros e Avante.<\/span><\/p>\n<p class=\"p1\"><span class=\"s1\">\u00a0<\/span><\/p>\n<p class=\"p1\"><strong><span class=\"s1\">Veja as mudan\u00e7as:<\/span><\/strong><\/p>\n<p class=\"p1\"><span class=\"s1\">\u00a0<\/span><\/p>\n<p class=\"p1\"><strong><span class=\"s1\">PL<\/span><\/strong><\/p>\n<p class=\"p1\"><span class=\"s1\"><strong>Agaciel Maia<\/strong> \u2014 Elegeu-se pelo PL e permanece no partido. Vai disputar a reelei\u00e7\u00e3o.<\/span><\/p>\n<p class=\"p1\"><span class=\"s1\"><strong>Roosevelt Vilela \u2014<\/strong> Come\u00e7ou a legislatura como filiado ao PSB, do ex-governador Rodrigo Rollemberg, e vai disputar novo mandato, agora pelo PL<\/span><\/p>\n<p class=\"p1\"><span class=\"s1\"><strong>Daniel Donizet<\/strong> \u2014 Elegeu-se pelo PRP, partido que n\u00e3o existe mais, migrou para o PSDB e na janela partid\u00e1ria optou pelo PL. Vai tentar a reelei\u00e7\u00e3o.<\/span><\/p>\n<p class=\"p1\"><span class=\"s1\"><strong>Reginaldo Sardinha<\/strong> \u2013 Deixou o Avante, partido que o levou \u00e0 C\u00e2mara Legislativa e ingressou no PL. Concorrer\u00e1 a novo mandato de deputado distrital.<\/span><\/p>\n<p class=\"p1\"><span class=\"s1\">\u00a0<\/span><\/p>\n<p class=\"p1\"><strong><span class=\"s1\">Republicanos<\/span><\/strong><\/p>\n<p class=\"p1\"><span class=\"s1\"><strong>Rodrigo Delmasso<\/strong> \u2013 Elegeu-se pelo PRB que virou Republicanos e permanece no partido. Ser\u00e1 novamente candidato a deputado distrital.<\/span><\/p>\n<p class=\"p1\"><span class=\"s1\"><strong>Martins Machado<\/strong> \u2013 Tamb\u00e9m se elegeu pelo PRB e segue no partido, agora chamado de Republicanos, para concorrer \u00e0 reelei\u00e7\u00e3o.<\/span><\/p>\n<p class=\"p1\"><span class=\"s1\">\u00a0<\/span><\/p>\n<p class=\"p1\"><span class=\"s1\"><strong>PSD<\/strong><\/span><\/p>\n<p class=\"p1\"><span class=\"s1\"><strong>Roberio Negreiros<\/strong> \u2014 Elegeu-se pelo PSD e permaneceu. Ser\u00e1 candidato \u00e0 reelei\u00e7\u00e3o.<\/span><\/p>\n<p class=\"p1\"><span class=\"s1\"><strong>Claudio Abrantes<\/strong> \u2014 Foi eleito deputado distrital pelo PDT. Migrou para o PSD e vai concorrer a novo mandato na C\u00e2mara Legislativa.<\/span><\/p>\n<p class=\"p1\"><span class=\"s1\"><strong>Jorge Viana<\/strong> \u2014 Eleito pelo Podemos, trocou o partido pelo PSD. Vai tentar a reelei\u00e7\u00e3o.<\/span><\/p>\n<p class=\"p1\"><span class=\"s1\">\u00a0<\/span><\/p>\n<p class=\"p1\"><strong><span class=\"s1\">MDB<\/span><\/strong><\/p>\n<p class=\"p1\"><span class=\"s1\"><strong>Rafael Prudente<\/strong> \u2014 Presidente do MDB-DF, permaneceu no partido pelo qual se elegeu. Deve concorrer a um mandato de deputado federal.<\/span><\/p>\n<p class=\"p1\"><span class=\"s1\"><strong>Hermeto<\/strong>\u00a0\u2014 Chegou \u00e0 C\u00e2mara Legislativa pelo PHS. Agora concorrer\u00e1 a novo mandato pelo MDB.<\/span><\/p>\n<p class=\"p1\"><span class=\"s1\"><strong>Iolando<\/strong>\u00a0\u2014 Elegeu-se pelo PSC e migrou para o MDB. Ser\u00e1 candidato \u00e0 reelei\u00e7\u00e3o.<\/span><\/p>\n<p class=\"p1\"><span class=\"s1\">\u00a0<\/span><\/p>\n<p class=\"p1\"><strong><span class=\"s1\">PP<\/span><\/strong><\/p>\n<p class=\"p1\"><span class=\"s1\"><strong>Valdelino Barcelos\u00a0<\/strong>\u2014 Eleito deputado distrital pelo PP, manteve-se no partido. Vai concorrer \u00e0 reelei\u00e7\u00e3o.<\/span><\/p>\n<p class=\"p1\"><span class=\"s1\"><strong>Jos\u00e9 Gomes<\/strong>\u00a0\u2014 Eleito pelo PSB, migrou para o PTB \u00a0e depois para o PP. \u00c9 uma das apostas do partido para a disputa a um mandato de deputado federal.<\/span><\/p>\n<p class=\"p1\"><span class=\"s1\">\u00a0<\/span><\/p>\n<p class=\"p1\"><strong><span class=\"s1\">Pros<\/span><\/strong><\/p>\n<p class=\"p1\"><span class=\"s1\"><strong>Fernando Fernandes<\/strong> \u2013 Foi eleito pelo Pros, saiu do partido e ficou um per\u00edodo sem filia\u00e7\u00e3o. Neste ano, retornou ao Pros e vai disputar a reelei\u00e7\u00e3o.<\/span><\/p>\n<p class=\"p1\"><span class=\"s1\">\u00a0<\/span><\/p>\n<p class=\"p1\"><strong><span class=\"s1\">Avante<\/span><\/strong><\/p>\n<p class=\"p1\"><span class=\"s1\"><strong>Jo\u00e3o Cardoso<\/strong> \u2013 \u00c9 um dos que n\u00e3o trocou de partido. Elegeu-se pelo Avante e vai concorrer \u00e0 reelei\u00e7\u00e3o pelo mesmo partido.<\/span><\/p>\n<p class=\"p1\"><span class=\"s1\">\u00a0<\/span><\/p>\n<p class=\"p1\"><strong><span class=\"s1\">Agir<\/span><\/strong><\/p>\n<p class=\"p1\"><span class=\"s1\"><strong>Jaqueline Silva<\/strong> \u2013 A deputada trocou o PTB pelo Agir, antigo PTC. Vai disputar outro mandato de distrital.<\/span><\/p>\n<p class=\"p1\"><span class=\"s1\">\u00a0<\/span><\/p>\n<p class=\"p1\"><strong><span class=\"s1\">PT<\/span><\/strong><\/p>\n<p class=\"p1\"><span class=\"s1\"><strong>Arlete Sampaio\u00a0<\/strong>\u2014 A deputada sempre foi do PT e permanece no partido. Mas n\u00e3o pretende disputar a pr\u00f3xima elei\u00e7\u00e3o.<\/span><\/p>\n<p class=\"p1\"><span class=\"s1\"><strong>Chico Vigilante<\/strong>\u00a0\u2014 Sempre foi do PT. Nunca cogitou deixar o partido. \u00c9 pr\u00e9-candidato a deputado distrital.<\/span><\/p>\n<p class=\"p1\"><span class=\"s1\">\u00a0<\/span><\/p>\n<p class=\"p1\"><strong><span class=\"s1\">PSOL<\/span><\/strong><\/p>\n<p class=\"p1\"><span class=\"s1\"><strong>Fabio F\u00e9lix<\/strong> \u2014 Permanece no PSol com o prop\u00f3sito de concorrer a novo mandato de deputado distrital.<\/span><\/p>\n<p class=\"p1\"><span class=\"s1\">\u00a0<\/span><\/p>\n<p class=\"p1\"><strong><span class=\"s1\">Uni\u00e3o Brasil<\/span><\/strong><\/p>\n<p class=\"p1\"><span class=\"s1\"><b>Eduardo Pedrosa <\/b>\u2014 O deputado se elegeu pelo PTC. Depois migrou para o DEM, que se uniu ao PSL para formar o\u00a0Uni\u00e3o Brasil. Vai concorrer novamente a deputado distrital.<\/span><\/p>\n<p class=\"p1\"><span class=\"s1\"><b>Julia Lucy<\/b> \u2013 Chegou \u00e0 C\u00e2mara Legislativa eleita pelo Novo, mas trocou a legenda pelo Uni\u00e3o Brasil.<\/span><\/p>\n<p class=\"p1\"><span class=\"s1\">\u00a0<\/span><\/p>\n<p class=\"p1\"><span class=\"s1\"><b>PV<\/b><\/span><\/p>\n<p class=\"p1\"><span class=\"s1\"><b>Leandro Grass<\/b> \u2014 Foi eleito pela Rede Sustentabilidade. Mas deixou o partido e migrou para o PV com o foco em ser candidato a governador<\/span><\/p>\n<p class=\"p1\"><span class=\"s1\"><b>Professor Reginaldo Veras <\/b>\u2013 Chegou \u00e0 C\u00e2mara Legislativa pelo PDT, mas trocou o partido pelo PV. Quer concorrer a deputado federal.<\/span><\/p>\n","protected":false},"excerpt":{"rendered":"<p>ANA MARIA CAMPOS Mais da metade dos distritais trocou de legenda durante o mandato ou agora na janela partid\u00e1ria. Apenas 11 permanecem na sigla em que disputaram as elei\u00e7\u00f5es de 2018. Com o troca troca de partidos, o PL ficou com a maior bandada de distritais. Agora s\u00e3o quatro: Agaciel Maia, Daniel Donizet, Reginaldo Sardinha e Roosevelt Vilela. \u00a0 Dos [&hellip;]<\/p>\n","protected":false},"author":9,"featured_media":401,"comment_status":"open","ping_status":"open","sticky":false,"template":"","format":"standard","meta":{"footnotes":""},"categories":[1],"tags":[70,466,29,467,352],"class_list":["post-1263","post","type-post","status-publish","format-standard","has-post-thumbnail","hentry","category-sem-categoria","tag-camara-legislativa","tag-deputados-distritais","tag-eleicoes-2022","tag-janela-partidaria","tag-partidos"],"_links":{"self":[{"href":"https:\/\/blogs.correiobraziliense.com.br\/eixocapital\/wp-json\/wp\/v2\/posts\/1263","targetHints":{"allow":["GET"]}}],"collection":[{"href":"https:\/\/blogs.correiobraziliense.com.br\/eixocapital\/wp-json\/wp\/v2\/posts"}],"about":[{"href":"https:\/\/blogs.correiobraziliense.com.br\/eixocapital\/wp-json\/wp\/v2\/types\/post"}],"author":[{"embeddable":true,"href":"https:\/\/blogs.correiobraziliense.com.br\/eixocapital\/wp-json\/wp\/v2\/users\/9"}],"replies":[{"embeddable":true,"href":"https:\/\/blogs.correiobraziliense.com.br\/eixocapital\/wp-json\/wp\/v2\/comments?post=1263"}],"version-history":[{"count":1,"href":"https:\/\/blogs.correiobraziliense.com.br\/eixocapital\/wp-json\/wp\/v2\/posts\/1263\/revisions"}],"predecessor-version":[{"id":1264,"href":"https:\/\/blogs.correiobraziliense.com.br\/eixocapital\/wp-json\/wp\/v2\/posts\/1263\/revisions\/1264"}],"wp:featuredmedia":[{"embeddable":true,"href":"https:\/\/blogs.correiobraziliense.com.br\/eixocapital\/wp-json\/wp\/v2\/media\/401"}],"wp:attachment":[{"href":"https:\/\/blogs.correiobraziliense.com.br\/eixocapital\/wp-json\/wp\/v2\/media?parent=1263"}],"wp:term":[{"taxonomy":"category","embeddable":true,"href":"https:\/\/blogs.correiobraziliense.com.br\/eixocapital\/wp-json\/wp\/v2\/categories?post=1263"},{"taxonomy":"post_tag","embeddable":true,"href":"https:\/\/blogs.correiobraziliense.com.br\/eixocapital\/wp-json\/wp\/v2\/tags?post=1263"}],"curies":[{"name":"wp","href":"https:\/\/api.w.org\/{rel}","templated":true}]}}