{"id":1253,"date":"2022-04-06T00:20:19","date_gmt":"2022-04-06T03:20:19","guid":{"rendered":"https:\/\/blogs.correiobraziliense.com.br\/eixocapital\/?p=1253"},"modified":"2022-04-06T00:20:19","modified_gmt":"2022-04-06T03:20:19","slug":"arruda-vai-a-noite-de-autografos-de-cristovam","status":"publish","type":"post","link":"https:\/\/blogs.correiobraziliense.com.br\/eixocapital\/2022\/04\/06\/arruda-vai-a-noite-de-autografos-de-cristovam\/","title":{"rendered":"Arruda vai a noite de aut\u00f3grafos de Cristovam"},"content":{"rendered":"<h4>ANA MARIA CAMPOS<\/h4>\n<p>Foi um encontro de ex-governadores que est\u00e3o fora das elei\u00e7\u00f5es, mas podem influenciar o resultado em outubro. Jos\u00e9 Roberto Arruda esteve na noite de aut\u00f3grafos do livro <em>O mundo \u00e9 uma escola,<\/em>\u00a0de Cristovam Buarque, na Livraria Travessa, do Casa Park.<\/p>\n<p>&nbsp;<\/p>\n<p>Se h\u00e1 diferen\u00e7as pol\u00edticas, nada interfere no respeito m\u00fatuo. \u201cLembramos de muitas hist\u00f3rias.\u00a0Preservamos a amizade al\u00e9m das diferen\u00e7as pol\u00edticas desde sempre.\u00a0Acho que nisso somos um bom exemplo\u201d, disse Arruda ao <b>Correio<\/b>.<\/p>\n<p>&nbsp;<\/p>\n<p>Arruda apoia a elei\u00e7\u00e3o da mulher, Fl\u00e1via Arruda (PL-DF), ao Senado, na chapa do governador Ibaneis Rocha (MDB). Cristovam deve estar ao lado de Jos\u00e9 Ant\u00f4nio Reguffe (Uni\u00e3o Brasil-DF) ou de Leila Barros (Cidadania-DF), na frente de oposi\u00e7\u00e3o. Mas o di\u00e1logo persiste.<\/p>\n","protected":false},"excerpt":{"rendered":"<p>ANA MARIA CAMPOS Foi um encontro de ex-governadores que est\u00e3o fora das elei\u00e7\u00f5es, mas podem influenciar o resultado em outubro. Jos\u00e9 Roberto Arruda esteve na noite de aut\u00f3grafos do livro O mundo \u00e9 uma escola,\u00a0de Cristovam Buarque, na Livraria Travessa, do Casa Park. &nbsp; Se h\u00e1 diferen\u00e7as pol\u00edticas, nada interfere no respeito m\u00fatuo. \u201cLembramos de muitas hist\u00f3rias.\u00a0Preservamos a amizade al\u00e9m [&hellip;]<\/p>\n","protected":false},"author":9,"featured_media":1254,"comment_status":"open","ping_status":"open","sticky":false,"template":"","format":"standard","meta":{"footnotes":""},"categories":[247],"tags":[96,462,464,463],"class_list":["post-1253","post","type-post","status-publish","format-standard","has-post-thumbnail","hentry","category-eixo-capital","tag-cristovam-buarque","tag-jose-roberto-arruda","tag-livraria-travessa","tag-o-mundo-e-uma-escola"],"_links":{"self":[{"href":"https:\/\/blogs.correiobraziliense.com.br\/eixocapital\/wp-json\/wp\/v2\/posts\/1253","targetHints":{"allow":["GET"]}}],"collection":[{"href":"https:\/\/blogs.correiobraziliense.com.br\/eixocapital\/wp-json\/wp\/v2\/posts"}],"about":[{"href":"https:\/\/blogs.correiobraziliense.com.br\/eixocapital\/wp-json\/wp\/v2\/types\/post"}],"author":[{"embeddable":true,"href":"https:\/\/blogs.correiobraziliense.com.br\/eixocapital\/wp-json\/wp\/v2\/users\/9"}],"replies":[{"embeddable":true,"href":"https:\/\/blogs.correiobraziliense.com.br\/eixocapital\/wp-json\/wp\/v2\/comments?post=1253"}],"version-history":[{"count":2,"href":"https:\/\/blogs.correiobraziliense.com.br\/eixocapital\/wp-json\/wp\/v2\/posts\/1253\/revisions"}],"predecessor-version":[{"id":1256,"href":"https:\/\/blogs.correiobraziliense.com.br\/eixocapital\/wp-json\/wp\/v2\/posts\/1253\/revisions\/1256"}],"wp:featuredmedia":[{"embeddable":true,"href":"https:\/\/blogs.correiobraziliense.com.br\/eixocapital\/wp-json\/wp\/v2\/media\/1254"}],"wp:attachment":[{"href":"https:\/\/blogs.correiobraziliense.com.br\/eixocapital\/wp-json\/wp\/v2\/media?parent=1253"}],"wp:term":[{"taxonomy":"category","embeddable":true,"href":"https:\/\/blogs.correiobraziliense.com.br\/eixocapital\/wp-json\/wp\/v2\/categories?post=1253"},{"taxonomy":"post_tag","embeddable":true,"href":"https:\/\/blogs.correiobraziliense.com.br\/eixocapital\/wp-json\/wp\/v2\/tags?post=1253"}],"curies":[{"name":"wp","href":"https:\/\/api.w.org\/{rel}","templated":true}]}}