{"id":1233,"date":"2022-04-01T23:04:51","date_gmt":"2022-04-02T02:04:51","guid":{"rendered":"https:\/\/blogs.correiobraziliense.com.br\/eixocapital\/?p=1233"},"modified":"2022-04-02T00:35:18","modified_gmt":"2022-04-02T03:35:18","slug":"irma-do-ministro-da-justica-sera-candidata-pelo-uniao-brasil","status":"publish","type":"post","link":"https:\/\/blogs.correiobraziliense.com.br\/eixocapital\/2022\/04\/01\/irma-do-ministro-da-justica-sera-candidata-pelo-uniao-brasil\/","title":{"rendered":"Irm\u00e3 do ministro da Justi\u00e7a ser\u00e1 candidata pelo Uni\u00e3o Brasil"},"content":{"rendered":"<h4>ANA MARIA CAMPOS<\/h4>\n<p>O ministro da Justi\u00e7a e Seguran\u00e7a P\u00fablica, Anderson Torres, desistiu de concorrer \u00e0s elei\u00e7\u00f5es para permanecer no cargo at\u00e9 o fim do mandato do presidente Jair Bolsonaro. Mas ter\u00e1 uma representante na disputa eleitoral deste ano.<\/p>\n<p>&nbsp;<\/p>\n<p>A irm\u00e3 do ministro, Patr\u00edcia Gisele, se filiou nesta tarde (01) ao Uni\u00e3o Brasil e deve concorrer a deputada federal. Ela \u00e9 dentista, especializada em harmoniza\u00e7\u00e3o e ortopedia facial.<\/p>\n<p>&nbsp;<\/p>\n<p>O presidente do Uni\u00e3o Brasil no DF, Manoel Arruda, \u00e9 amigo e trabalhou com Anderson Torres. O ministro chegou a ser cotado para se candidatar a deputado ou senador. Mas desistiu dos planos, a pedido do presidente Jair Bolsonaro.<\/p>\n<p>&nbsp;<\/p>\n","protected":false},"excerpt":{"rendered":"<p>ANA MARIA CAMPOS O ministro da Justi\u00e7a e Seguran\u00e7a P\u00fablica, Anderson Torres, desistiu de concorrer \u00e0s elei\u00e7\u00f5es para permanecer no cargo at\u00e9 o fim do mandato do presidente Jair Bolsonaro. Mas ter\u00e1 uma representante na disputa eleitoral deste ano. &nbsp; A irm\u00e3 do ministro, Patr\u00edcia Gisele, se filiou nesta tarde (01) ao Uni\u00e3o Brasil e deve concorrer a deputada federal. [&hellip;]<\/p>\n","protected":false},"author":9,"featured_media":1234,"comment_status":"open","ping_status":"open","sticky":false,"template":"","format":"standard","meta":{"footnotes":""},"categories":[1],"tags":[34,459,194,32],"class_list":["post-1233","post","type-post","status-publish","format-standard","has-post-thumbnail","hentry","category-sem-categoria","tag-anderson-torres","tag-ministro-da-justica-e-seguranca-publica","tag-reguffe","tag-uniao-brasil"],"_links":{"self":[{"href":"https:\/\/blogs.correiobraziliense.com.br\/eixocapital\/wp-json\/wp\/v2\/posts\/1233","targetHints":{"allow":["GET"]}}],"collection":[{"href":"https:\/\/blogs.correiobraziliense.com.br\/eixocapital\/wp-json\/wp\/v2\/posts"}],"about":[{"href":"https:\/\/blogs.correiobraziliense.com.br\/eixocapital\/wp-json\/wp\/v2\/types\/post"}],"author":[{"embeddable":true,"href":"https:\/\/blogs.correiobraziliense.com.br\/eixocapital\/wp-json\/wp\/v2\/users\/9"}],"replies":[{"embeddable":true,"href":"https:\/\/blogs.correiobraziliense.com.br\/eixocapital\/wp-json\/wp\/v2\/comments?post=1233"}],"version-history":[{"count":3,"href":"https:\/\/blogs.correiobraziliense.com.br\/eixocapital\/wp-json\/wp\/v2\/posts\/1233\/revisions"}],"predecessor-version":[{"id":1237,"href":"https:\/\/blogs.correiobraziliense.com.br\/eixocapital\/wp-json\/wp\/v2\/posts\/1233\/revisions\/1237"}],"wp:featuredmedia":[{"embeddable":true,"href":"https:\/\/blogs.correiobraziliense.com.br\/eixocapital\/wp-json\/wp\/v2\/media\/1234"}],"wp:attachment":[{"href":"https:\/\/blogs.correiobraziliense.com.br\/eixocapital\/wp-json\/wp\/v2\/media?parent=1233"}],"wp:term":[{"taxonomy":"category","embeddable":true,"href":"https:\/\/blogs.correiobraziliense.com.br\/eixocapital\/wp-json\/wp\/v2\/categories?post=1233"},{"taxonomy":"post_tag","embeddable":true,"href":"https:\/\/blogs.correiobraziliense.com.br\/eixocapital\/wp-json\/wp\/v2\/tags?post=1233"}],"curies":[{"name":"wp","href":"https:\/\/api.w.org\/{rel}","templated":true}]}}