{"id":1230,"date":"2022-04-01T20:37:18","date_gmt":"2022-04-01T23:37:18","guid":{"rendered":"https:\/\/blogs.correiobraziliense.com.br\/eixocapital\/?p=1230"},"modified":"2022-04-01T20:37:18","modified_gmt":"2022-04-01T23:37:18","slug":"gim-se-filia-ao-pros-e-quer-ser-candidato-ao-senado","status":"publish","type":"post","link":"https:\/\/blogs.correiobraziliense.com.br\/eixocapital\/2022\/04\/01\/gim-se-filia-ao-pros-e-quer-ser-candidato-ao-senado\/","title":{"rendered":"Gim se filia ao Pros e quer ser candidato ao Senado"},"content":{"rendered":"<h4>ANA MARIA CAMPOS<\/h4>\n<p>O ex-senador Gim Argello fechou a filia\u00e7\u00e3o no Pros e quer ser candidato ao Senado. Livre para concorrer novamente a mandatos, o ex-parlamentar tomou a decis\u00e3o em acordo com a dire\u00e7\u00e3o nacional.<\/p>\n<p>&nbsp;<\/p>\n<p>Mas, no Distrito Federal, o partido est\u00e1 fechado com a reelei\u00e7\u00e3o do governador Ibaneis Rocha. A presid\u00eancia do Pros-DF est\u00e1 a cargo do advogado Celivaldo El\u00f3i, aliado de Ibaneis.<\/p>\n<p>&nbsp;<\/p>\n<p>Gim escolheu o Pros, mas exerce grande influ\u00eancia no PTB-DF, seu antigo partido.<\/p>\n<p>A defini\u00e7\u00e3o ser\u00e1 sacramentada nas conven\u00e7\u00f5es.<\/p>\n","protected":false},"excerpt":{"rendered":"<p>ANA MARIA CAMPOS O ex-senador Gim Argello fechou a filia\u00e7\u00e3o no Pros e quer ser candidato ao Senado. Livre para concorrer novamente a mandatos, o ex-parlamentar tomou a decis\u00e3o em acordo com a dire\u00e7\u00e3o nacional. &nbsp; Mas, no Distrito Federal, o partido est\u00e1 fechado com a reelei\u00e7\u00e3o do governador Ibaneis Rocha. A presid\u00eancia do Pros-DF est\u00e1 a cargo do advogado [&hellip;]<\/p>\n","protected":false},"author":9,"featured_media":1231,"comment_status":"open","ping_status":"open","sticky":false,"template":"","format":"standard","meta":{"footnotes":""},"categories":[1],"tags":[458,402,343,457,61],"class_list":["post-1230","post","type-post","status-publish","format-standard","has-post-thumbnail","hentry","category-sem-categoria","tag-celivaldo-eloi","tag-gim-argello","tag-pros","tag-ptb","tag-senado"],"_links":{"self":[{"href":"https:\/\/blogs.correiobraziliense.com.br\/eixocapital\/wp-json\/wp\/v2\/posts\/1230","targetHints":{"allow":["GET"]}}],"collection":[{"href":"https:\/\/blogs.correiobraziliense.com.br\/eixocapital\/wp-json\/wp\/v2\/posts"}],"about":[{"href":"https:\/\/blogs.correiobraziliense.com.br\/eixocapital\/wp-json\/wp\/v2\/types\/post"}],"author":[{"embeddable":true,"href":"https:\/\/blogs.correiobraziliense.com.br\/eixocapital\/wp-json\/wp\/v2\/users\/9"}],"replies":[{"embeddable":true,"href":"https:\/\/blogs.correiobraziliense.com.br\/eixocapital\/wp-json\/wp\/v2\/comments?post=1230"}],"version-history":[{"count":1,"href":"https:\/\/blogs.correiobraziliense.com.br\/eixocapital\/wp-json\/wp\/v2\/posts\/1230\/revisions"}],"predecessor-version":[{"id":1232,"href":"https:\/\/blogs.correiobraziliense.com.br\/eixocapital\/wp-json\/wp\/v2\/posts\/1230\/revisions\/1232"}],"wp:featuredmedia":[{"embeddable":true,"href":"https:\/\/blogs.correiobraziliense.com.br\/eixocapital\/wp-json\/wp\/v2\/media\/1231"}],"wp:attachment":[{"href":"https:\/\/blogs.correiobraziliense.com.br\/eixocapital\/wp-json\/wp\/v2\/media?parent=1230"}],"wp:term":[{"taxonomy":"category","embeddable":true,"href":"https:\/\/blogs.correiobraziliense.com.br\/eixocapital\/wp-json\/wp\/v2\/categories?post=1230"},{"taxonomy":"post_tag","embeddable":true,"href":"https:\/\/blogs.correiobraziliense.com.br\/eixocapital\/wp-json\/wp\/v2\/tags?post=1230"}],"curies":[{"name":"wp","href":"https:\/\/api.w.org\/{rel}","templated":true}]}}