{"id":1226,"date":"2022-04-01T19:33:44","date_gmt":"2022-04-01T22:33:44","guid":{"rendered":"https:\/\/blogs.correiobraziliense.com.br\/eixocapital\/?p=1226"},"modified":"2022-04-01T19:33:44","modified_gmt":"2022-04-01T22:33:44","slug":"ex-de-bolsonaro-quer-ser-deputada-distrital","status":"publish","type":"post","link":"https:\/\/blogs.correiobraziliense.com.br\/eixocapital\/2022\/04\/01\/ex-de-bolsonaro-quer-ser-deputada-distrital\/","title":{"rendered":"Ex de Bolsonaro quer ser deputada distrital"},"content":{"rendered":"<h4>ANA MARIA CAMPOS<\/h4>\n<p>Ana Cristina Valle, ex-mulher do presidente Jair Bolsonaro, quer ser deputada distrital. A m\u00e3e do filho 04, Jair Renan, ingressou no PP para concorrer a um mandato na C\u00e2mara Legislativa.<\/p>\n<p>&nbsp;<\/p>\n<p>Secret\u00e1ria parlamentar no gabinete da deputada federal Celina Le\u00e3o, presidente do PP-DF, Ana Cristina usa o sobrenome Bolsonaro e pretende surfar na base eleitoral do ex-marido no DF.<\/p>\n<p>A segunda mulher do presidente ficou conhecida por ser alvo de uma investiga\u00e7\u00e3o sobre rachadinhas.<\/p>\n","protected":false},"excerpt":{"rendered":"<p>ANA MARIA CAMPOS Ana Cristina Valle, ex-mulher do presidente Jair Bolsonaro, quer ser deputada distrital. A m\u00e3e do filho 04, Jair Renan, ingressou no PP para concorrer a um mandato na C\u00e2mara Legislativa. &nbsp; Secret\u00e1ria parlamentar no gabinete da deputada federal Celina Le\u00e3o, presidente do PP-DF, Ana Cristina usa o sobrenome Bolsonaro e pretende surfar na base eleitoral do ex-marido [&hellip;]<\/p>\n","protected":false},"author":9,"featured_media":1227,"comment_status":"open","ping_status":"open","sticky":false,"template":"","format":"standard","meta":{"footnotes":""},"categories":[247],"tags":[454,456,70,455,384],"class_list":["post-1226","post","type-post","status-publish","format-standard","has-post-thumbnail","hentry","category-eixo-capital","tag-ana-cristina-bolsonaro","tag-boslonaro","tag-camara-legislativa","tag-deputada-distrital","tag-pp"],"_links":{"self":[{"href":"https:\/\/blogs.correiobraziliense.com.br\/eixocapital\/wp-json\/wp\/v2\/posts\/1226","targetHints":{"allow":["GET"]}}],"collection":[{"href":"https:\/\/blogs.correiobraziliense.com.br\/eixocapital\/wp-json\/wp\/v2\/posts"}],"about":[{"href":"https:\/\/blogs.correiobraziliense.com.br\/eixocapital\/wp-json\/wp\/v2\/types\/post"}],"author":[{"embeddable":true,"href":"https:\/\/blogs.correiobraziliense.com.br\/eixocapital\/wp-json\/wp\/v2\/users\/9"}],"replies":[{"embeddable":true,"href":"https:\/\/blogs.correiobraziliense.com.br\/eixocapital\/wp-json\/wp\/v2\/comments?post=1226"}],"version-history":[{"count":2,"href":"https:\/\/blogs.correiobraziliense.com.br\/eixocapital\/wp-json\/wp\/v2\/posts\/1226\/revisions"}],"predecessor-version":[{"id":1229,"href":"https:\/\/blogs.correiobraziliense.com.br\/eixocapital\/wp-json\/wp\/v2\/posts\/1226\/revisions\/1229"}],"wp:featuredmedia":[{"embeddable":true,"href":"https:\/\/blogs.correiobraziliense.com.br\/eixocapital\/wp-json\/wp\/v2\/media\/1227"}],"wp:attachment":[{"href":"https:\/\/blogs.correiobraziliense.com.br\/eixocapital\/wp-json\/wp\/v2\/media?parent=1226"}],"wp:term":[{"taxonomy":"category","embeddable":true,"href":"https:\/\/blogs.correiobraziliense.com.br\/eixocapital\/wp-json\/wp\/v2\/categories?post=1226"},{"taxonomy":"post_tag","embeddable":true,"href":"https:\/\/blogs.correiobraziliense.com.br\/eixocapital\/wp-json\/wp\/v2\/tags?post=1226"}],"curies":[{"name":"wp","href":"https:\/\/api.w.org\/{rel}","templated":true}]}}