{"id":1223,"date":"2022-04-01T06:34:34","date_gmt":"2022-04-01T09:34:34","guid":{"rendered":"https:\/\/blogs.correiobraziliense.com.br\/eixocapital\/?p=1223"},"modified":"2022-04-01T06:34:34","modified_gmt":"2022-04-01T09:34:34","slug":"flavia-arruda-deixa-governo-e-agora-vai-enfrentar-adversarios-abertos","status":"publish","type":"post","link":"https:\/\/blogs.correiobraziliense.com.br\/eixocapital\/2022\/04\/01\/flavia-arruda-deixa-governo-e-agora-vai-enfrentar-adversarios-abertos\/","title":{"rendered":"Fl\u00e1via Arruda deixa governo e agora vai enfrentar advers\u00e1rios abertos"},"content":{"rendered":"<p>&nbsp;<\/p>\n<p>A deputada Fl\u00e1via Arruda (PL-DF) deixou ontem o cargo de ministra-chefe da Secretaria de Governo da Presid\u00eancia da Rep\u00fablica para se dedicar \u00e0 campanha ao Senado. Foi quase um ano com muitos bombardeios e fogo amigo, com condutas machistas e intrigas. Muitos militares do Pal\u00e1cio do Planalto viam com desconfian\u00e7a a atua\u00e7\u00e3o da pol\u00edtica jovem e bonita novata na administra\u00e7\u00e3o p\u00fablica. Nos tr\u00eas anos e tr\u00eas meses de mandato at\u00e9 agora, Fl\u00e1via foi a primeira deputada a presidir a Comiss\u00e3o Mista do Or\u00e7amento e nunca uma mulher havia assumido a secretaria de Governo da Presid\u00eancia da Rep\u00fablica. A disputa ao Senado, com uma vaga, vai ser dura. Agora, os bombardeios ser\u00e3o de advers\u00e1rios de Bolsonaro que v\u00e3o cobrar explica\u00e7\u00f5es pelo negacionismo na pandemia e defesas \u00e0 ditadura militar. Mas, se passar por essa prova, Fl\u00e1via chegar\u00e1 em 2026 como candidata ao Pal\u00e1cio do Buriti.<\/p>\n<p><strong>Orgulho do desempenho<\/strong><\/p>\n<p>O ex-governador Jos\u00e9 Roberto Arruda disse \u00e0 coluna que est\u00e1 disposto a ajudar a mulher, Fl\u00e1via Arruda, na corrida ao Senado. \u201cVou ajudar, mas agora ela tem mais musculatura, tem imagem pr\u00f3pria\u201d, disse. E acrescentou: \u201cPosso ficar mais nos bastidores e cuidando das meninas (filhas). Mas ajudando sim e com muito orgulho pelo desempenho dela\u201d.<\/p>\n<p><strong>Damares escolhe o DF para domic\u00edlio eleitoral<\/strong><\/p>\n<p>Damares Alves escolheu o Distrito Federal como domic\u00edlio eleitoral. A d\u00favida persistiu at\u00e9 ontem quando veio a decis\u00e3o. O cargo a ser disputado, no entanto, ainda depende de arranjos pol\u00edticos. Se concorrer ao Senado, Damares atrapalha a candidatura de Fl\u00e1via Arruda, que quer os votos bolsonaristas. Se o caminho for a C\u00e2mara dos Deputados, a ex-ministra da Mulher, Direitos Humanos e Fam\u00edlia tira votos da deputada Bia Kicis (PL-DF), ou mais ainda dos candidatos republicanos com base evang\u00e9lica, o deputado J\u00falio C\u00e9sar Ribeiro e Gilvan M\u00e1ximo, ex-secret\u00e1rio de Ci\u00eancia, Tecnologia e Inova\u00e7\u00e3o. De qualquer forma, o prazo final para mudan\u00e7as de domic\u00edlio termina em 4 de maio.<\/p>\n<p><strong>Presidente do Sinpol vai com Podemos<\/strong><\/p>\n<p>O presidente do Sindicato dos Policiais Civis do DF (Sinpol-DF), Alex Galv\u00e3o, acertou ontem a filia\u00e7\u00e3o ao Podemos. Ele \u00e9 pr\u00e9-candidato a deputado distrital. No Podemos, ele dever\u00e1 integrar o grupo liderado pelo senador Jos\u00e9 Ant\u00f4nio Reguffe (Uni\u00e3o Brasil-DF). \u201cAlex Galv\u00e3o poder\u00e1 fazer uma dobradinha com o General Paulo Chagas, pr\u00e9-candidato do Podemos a deputado federal\u201d, afirma Luiz Pitiman, secret\u00e1rio-geral do Podemos-DF.<\/p>\n<p><strong>Comandante da PMDF aceita convite para disputar a elei\u00e7\u00e3o<\/strong><\/p>\n<p>Convidado a entrar na pol\u00edtica para disputar a elei\u00e7\u00e3o, o comandante-geral da Pol\u00edcia Militar do DF, coronel M\u00e1rcio Vasconcelos, decidiu aceitar o convite para concorrer a mandato de deputado federal. Para isso, vai deixar o cargo e se filiar ao MDB. A candidatura do militar acaba trombando com a de um advers\u00e1rio de Ibaneis, o ex-deputado Alberto Fraga (PL), que tem base eleitoral entre policiais militares, e quer retornar ao Congresso.<\/p>\n<p><strong>Sarney Filho fica<\/strong><\/p>\n<p>O secret\u00e1rio de Meio Ambiente do DF, Sarney Filho, n\u00e3o vai se desincompatibilizar para concorrer nas pr\u00f3ximas elei\u00e7\u00f5es. Ele pretende ficar at\u00e9 o \u00faltimo dia do governo Ibaneis. Na fam\u00edlia, a irm\u00e3, Roseana Sarney, \u00e9 quem vai se candidatar a deputada federal no Maranh\u00e3o.<\/p>\n<p><strong>Corrida de aliados<\/strong><\/p>\n<p>O grande advers\u00e1rio de Rodrigo Rollemberg (PSB-DF) nesta elei\u00e7\u00e3o \u00e9 o aliado Professor Israel Batista. O deputado federal que busca a reelei\u00e7\u00e3o troca o PV pelo PSB. Precisa de Rollemberg para formar o coeficiente eleitoral. A rec\u00edproca \u00e9 verdadeira. Quem tiver mais votos ser\u00e1 deputado federal. A aposta interna \u00e9 de que os dois ser\u00e3o eleitos, mas a briga para federal ser\u00e1 \u00e1rdua.<\/p>\n<p><strong>Liberdade religiosa<\/strong><\/p>\n<p>Ex-chefe da Casa Civil de Ibaneis Rocha, o advogado Valdet\u00e1rio Monteiro tomou posse como presidente da Comiss\u00e3o Nacional de Liberdade Religiosa da OAB. O cargo foi criado por portaria do presidente do Conselho Federal da Ordem, Beto Simonetti. Na posse, Valdet\u00e1rio afirmou: \u201cVem do ensinamento dos grandes constitucionalistas que h\u00e1 necessidade de exist\u00eancia da plena liberdade religiosa para que haja a plena liberdade civil e pol\u00edtica. Assim como, em contrapartida, onde falta \u00e0 liberdade institucional, fica comprometida ou amea\u00e7ada a liberdade religiosa\u201d.<\/p>\n<p><strong>TCDF completa 2 anos de sess\u00f5es virtuais<\/strong><\/p>\n<p>O Tribunal de Contas do DF completa hoje dois anos de implanta\u00e7\u00e3o das sess\u00f5es plen\u00e1rias virtuais. Iniciadas no come\u00e7o da pandemia, as sess\u00f5es por videoconfer\u00eancia passaram a ser transmitidas ao vivo pelo YouTube, onde ficam dispon\u00edveis para qualquer cidad\u00e3o. Nesse per\u00edodo, o TCDF julgou virtualmente mais de 11 mil processos \u2013 dos quais cerca de 6 mil foram destacados para debate pelos Conselheiros \u2013 em 90 sess\u00f5es ordin\u00e1rias e 68 administrativas. Tamb\u00e9m foram realizadas duas sess\u00f5es especiais para aprecia\u00e7\u00e3o das Contas do Governo do DF, referentes aos exerc\u00edcios de 2019 e 2020.<\/p>\n","protected":false},"excerpt":{"rendered":"<p>&nbsp; A deputada Fl\u00e1via Arruda (PL-DF) deixou ontem o cargo de ministra-chefe da Secretaria de Governo da Presid\u00eancia da Rep\u00fablica para se dedicar \u00e0 campanha ao Senado. Foi quase um ano com muitos bombardeios e fogo amigo, com condutas machistas e intrigas. Muitos militares do Pal\u00e1cio do Planalto viam com desconfian\u00e7a a atua\u00e7\u00e3o da pol\u00edtica jovem e bonita novata na [&hellip;]<\/p>\n","protected":false},"author":9,"featured_media":249,"comment_status":"open","ping_status":"open","sticky":false,"template":"","format":"standard","meta":{"footnotes":""},"categories":[1],"tags":[],"class_list":["post-1223","post","type-post","status-publish","format-standard","has-post-thumbnail","hentry","category-sem-categoria"],"_links":{"self":[{"href":"https:\/\/blogs.correiobraziliense.com.br\/eixocapital\/wp-json\/wp\/v2\/posts\/1223","targetHints":{"allow":["GET"]}}],"collection":[{"href":"https:\/\/blogs.correiobraziliense.com.br\/eixocapital\/wp-json\/wp\/v2\/posts"}],"about":[{"href":"https:\/\/blogs.correiobraziliense.com.br\/eixocapital\/wp-json\/wp\/v2\/types\/post"}],"author":[{"embeddable":true,"href":"https:\/\/blogs.correiobraziliense.com.br\/eixocapital\/wp-json\/wp\/v2\/users\/9"}],"replies":[{"embeddable":true,"href":"https:\/\/blogs.correiobraziliense.com.br\/eixocapital\/wp-json\/wp\/v2\/comments?post=1223"}],"version-history":[{"count":1,"href":"https:\/\/blogs.correiobraziliense.com.br\/eixocapital\/wp-json\/wp\/v2\/posts\/1223\/revisions"}],"predecessor-version":[{"id":1224,"href":"https:\/\/blogs.correiobraziliense.com.br\/eixocapital\/wp-json\/wp\/v2\/posts\/1223\/revisions\/1224"}],"wp:featuredmedia":[{"embeddable":true,"href":"https:\/\/blogs.correiobraziliense.com.br\/eixocapital\/wp-json\/wp\/v2\/media\/249"}],"wp:attachment":[{"href":"https:\/\/blogs.correiobraziliense.com.br\/eixocapital\/wp-json\/wp\/v2\/media?parent=1223"}],"wp:term":[{"taxonomy":"category","embeddable":true,"href":"https:\/\/blogs.correiobraziliense.com.br\/eixocapital\/wp-json\/wp\/v2\/categories?post=1223"},{"taxonomy":"post_tag","embeddable":true,"href":"https:\/\/blogs.correiobraziliense.com.br\/eixocapital\/wp-json\/wp\/v2\/tags?post=1223"}],"curies":[{"name":"wp","href":"https:\/\/api.w.org\/{rel}","templated":true}]}}