{"id":1219,"date":"2022-03-31T23:30:30","date_gmt":"2022-04-01T02:30:30","guid":{"rendered":"https:\/\/blogs.correiobraziliense.com.br\/eixocapital\/?p=1219"},"modified":"2022-03-31T23:30:31","modified_gmt":"2022-04-01T02:30:31","slug":"diretor-geral-do-detran-df-deixa-cargo-para-disputar-eleicao","status":"publish","type":"post","link":"https:\/\/blogs.correiobraziliense.com.br\/eixocapital\/2022\/03\/31\/diretor-geral-do-detran-df-deixa-cargo-para-disputar-eleicao\/","title":{"rendered":"Diretor-geral do Detran-DF deixa cargo para disputar elei\u00e7\u00e3o"},"content":{"rendered":"<h4>ANA MARIA CAMPOS<\/h4>\n<p>O diretor-geral do Detran-DF, Z\u00e9lio Maia da Rocha, vai deixar o cargo nesta sexta-feira (01) para concorrer a um mandato de deputado federal. O partido escolhido foi o MDB, do governador Ibaneis Rocha.<\/p>\n<p>&nbsp;<\/p>\n<p>Procurador do DF, Maia assumiu o comando do Detran com a miss\u00e3o de modernizar o \u00f3rg\u00e3o, cortar gastos desnecess\u00e1rios e fazer um pente-fino em contratos com ind\u00edcios de superfaturamento.<\/p>\n<p>&nbsp;<\/p>\n<p>Ele esteve \u00e0 frente do departamento por dois anos e tr\u00eas meses. \u201cO Detran-DF deixou de ser visto apenas como uma entidade arrecadadora e passou a ser conhecido por diversas a\u00e7\u00f5es que trouxeram in\u00fameros benef\u00edcios a sociedade\u201d, disse Maia ao <strong>Correio<\/strong> em entrevista sobre o balan\u00e7o de dois anos de trabalho, em dezembro.<\/p>\n<p>&nbsp;<\/p>\n<p>No lugar de Z\u00e9lio Maia, assume o diretor de Planejamento, Or\u00e7amento e Finan\u00e7as, or\u00e7amento financeiro, Thiago Gomes Nascimento, da equipe da atual gest\u00e3o.<\/p>\n","protected":false},"excerpt":{"rendered":"<p>ANA MARIA CAMPOS O diretor-geral do Detran-DF, Z\u00e9lio Maia da Rocha, vai deixar o cargo nesta sexta-feira (01) para concorrer a um mandato de deputado federal. O partido escolhido foi o MDB, do governador Ibaneis Rocha. &nbsp; Procurador do DF, Maia assumiu o comando do Detran com a miss\u00e3o de modernizar o \u00f3rg\u00e3o, cortar gastos desnecess\u00e1rios e fazer um pente-fino [&hellip;]<\/p>\n","protected":false},"author":9,"featured_media":1220,"comment_status":"open","ping_status":"open","sticky":false,"template":"","format":"standard","meta":{"footnotes":""},"categories":[1],"tags":[443,452,29,53,442,453,451],"class_list":["post-1219","post","type-post","status-publish","format-standard","has-post-thumbnail","hentry","category-sem-categoria","tag-deputado-federal","tag-detran-df","tag-eleicoes-2022","tag-ibaneis-rocha","tag-mdb","tag-thiago-gomes-nascimento","tag-zelio-maia"],"_links":{"self":[{"href":"https:\/\/blogs.correiobraziliense.com.br\/eixocapital\/wp-json\/wp\/v2\/posts\/1219","targetHints":{"allow":["GET"]}}],"collection":[{"href":"https:\/\/blogs.correiobraziliense.com.br\/eixocapital\/wp-json\/wp\/v2\/posts"}],"about":[{"href":"https:\/\/blogs.correiobraziliense.com.br\/eixocapital\/wp-json\/wp\/v2\/types\/post"}],"author":[{"embeddable":true,"href":"https:\/\/blogs.correiobraziliense.com.br\/eixocapital\/wp-json\/wp\/v2\/users\/9"}],"replies":[{"embeddable":true,"href":"https:\/\/blogs.correiobraziliense.com.br\/eixocapital\/wp-json\/wp\/v2\/comments?post=1219"}],"version-history":[{"count":2,"href":"https:\/\/blogs.correiobraziliense.com.br\/eixocapital\/wp-json\/wp\/v2\/posts\/1219\/revisions"}],"predecessor-version":[{"id":1222,"href":"https:\/\/blogs.correiobraziliense.com.br\/eixocapital\/wp-json\/wp\/v2\/posts\/1219\/revisions\/1222"}],"wp:featuredmedia":[{"embeddable":true,"href":"https:\/\/blogs.correiobraziliense.com.br\/eixocapital\/wp-json\/wp\/v2\/media\/1220"}],"wp:attachment":[{"href":"https:\/\/blogs.correiobraziliense.com.br\/eixocapital\/wp-json\/wp\/v2\/media?parent=1219"}],"wp:term":[{"taxonomy":"category","embeddable":true,"href":"https:\/\/blogs.correiobraziliense.com.br\/eixocapital\/wp-json\/wp\/v2\/categories?post=1219"},{"taxonomy":"post_tag","embeddable":true,"href":"https:\/\/blogs.correiobraziliense.com.br\/eixocapital\/wp-json\/wp\/v2\/tags?post=1219"}],"curies":[{"name":"wp","href":"https:\/\/api.w.org\/{rel}","templated":true}]}}