{"id":1213,"date":"2022-03-31T22:04:59","date_gmt":"2022-04-01T01:04:59","guid":{"rendered":"https:\/\/blogs.correiobraziliense.com.br\/eixocapital\/?p=1213"},"modified":"2022-03-31T22:06:15","modified_gmt":"2022-04-01T01:06:15","slug":"deputado-reginaldo-sardinha-troca-avante-pelo-pl","status":"publish","type":"post","link":"https:\/\/blogs.correiobraziliense.com.br\/eixocapital\/2022\/03\/31\/deputado-reginaldo-sardinha-troca-avante-pelo-pl\/","title":{"rendered":"Deputado Reginaldo Sardinha troca Avante pelo PL"},"content":{"rendered":"<h4>ANA MARIA CAMPOS<\/h4>\n<p>O deputado distrital Reginaldo Sardinha trocou o Avante pelo PL. A mudan\u00e7a foi confirmada nesta tarde (31) em filia\u00e7\u00e3o que contou com a presen\u00e7a da deputada federal Fl\u00e1via Arruda, presidente regional do PL-DF.<\/p>\n<p>&nbsp;<\/p>\n<p>O ex-governador Jos\u00e9 Roberto Arruda tamb\u00e9m participou do evento.<\/p>\n<p>&nbsp;<\/p>\n<p>Agente policial de cust\u00f3dia da Pol\u00edcia Civil do DF, Sardinha vai concorrer a novo mandato de deputado distrital e ainda trabalhar pela elei\u00e7\u00e3o de Fl\u00e1via Arruda ao Senado. Na disputa de 2018, ele teve 6.738 votos.<\/p>\n<p>&nbsp;<\/p>\n<p>Com a entrada de Sardinha ao PL, o partido conquista a maior bancada na C\u00e2mara Legislativa. S\u00e3o quatro deputados: al\u00e9m de Sardinha, Agaciel Maia, Roosevelt Vilela e Daniel Donizet.<\/p>\n","protected":false},"excerpt":{"rendered":"<p>ANA MARIA CAMPOS O deputado distrital Reginaldo Sardinha trocou o Avante pelo PL. A mudan\u00e7a foi confirmada nesta tarde (31) em filia\u00e7\u00e3o que contou com a presen\u00e7a da deputada federal Fl\u00e1via Arruda, presidente regional do PL-DF. &nbsp; O ex-governador Jos\u00e9 Roberto Arruda tamb\u00e9m participou do evento. &nbsp; Agente policial de cust\u00f3dia da Pol\u00edcia Civil do DF, Sardinha vai concorrer a [&hellip;]<\/p>\n","protected":false},"author":9,"featured_media":1214,"comment_status":"open","ping_status":"open","sticky":false,"template":"","format":"standard","meta":{"footnotes":""},"categories":[247],"tags":[70,29,58,107,57,121,219],"class_list":["post-1213","post","type-post","status-publish","format-standard","has-post-thumbnail","hentry","category-eixo-capital","tag-camara-legislativa","tag-eleicoes-2022","tag-filiacao","tag-flavia-arruda","tag-pl","tag-policia-civil","tag-reginaldo-sardinha"],"_links":{"self":[{"href":"https:\/\/blogs.correiobraziliense.com.br\/eixocapital\/wp-json\/wp\/v2\/posts\/1213","targetHints":{"allow":["GET"]}}],"collection":[{"href":"https:\/\/blogs.correiobraziliense.com.br\/eixocapital\/wp-json\/wp\/v2\/posts"}],"about":[{"href":"https:\/\/blogs.correiobraziliense.com.br\/eixocapital\/wp-json\/wp\/v2\/types\/post"}],"author":[{"embeddable":true,"href":"https:\/\/blogs.correiobraziliense.com.br\/eixocapital\/wp-json\/wp\/v2\/users\/9"}],"replies":[{"embeddable":true,"href":"https:\/\/blogs.correiobraziliense.com.br\/eixocapital\/wp-json\/wp\/v2\/comments?post=1213"}],"version-history":[{"count":3,"href":"https:\/\/blogs.correiobraziliense.com.br\/eixocapital\/wp-json\/wp\/v2\/posts\/1213\/revisions"}],"predecessor-version":[{"id":1218,"href":"https:\/\/blogs.correiobraziliense.com.br\/eixocapital\/wp-json\/wp\/v2\/posts\/1213\/revisions\/1218"}],"wp:featuredmedia":[{"embeddable":true,"href":"https:\/\/blogs.correiobraziliense.com.br\/eixocapital\/wp-json\/wp\/v2\/media\/1214"}],"wp:attachment":[{"href":"https:\/\/blogs.correiobraziliense.com.br\/eixocapital\/wp-json\/wp\/v2\/media?parent=1213"}],"wp:term":[{"taxonomy":"category","embeddable":true,"href":"https:\/\/blogs.correiobraziliense.com.br\/eixocapital\/wp-json\/wp\/v2\/categories?post=1213"},{"taxonomy":"post_tag","embeddable":true,"href":"https:\/\/blogs.correiobraziliense.com.br\/eixocapital\/wp-json\/wp\/v2\/tags?post=1213"}],"curies":[{"name":"wp","href":"https:\/\/api.w.org\/{rel}","templated":true}]}}