{"id":1210,"date":"2022-03-31T18:38:36","date_gmt":"2022-03-31T21:38:36","guid":{"rendered":"https:\/\/blogs.correiobraziliense.com.br\/eixocapital\/?p=1210"},"modified":"2022-03-31T18:38:36","modified_gmt":"2022-03-31T21:38:36","slug":"presidente-do-sinpol-df-alex-galvao-se-filia-ao-podemos","status":"publish","type":"post","link":"https:\/\/blogs.correiobraziliense.com.br\/eixocapital\/2022\/03\/31\/presidente-do-sinpol-df-alex-galvao-se-filia-ao-podemos\/","title":{"rendered":"Presidente do Sinpol-DF, Alex Galv\u00e3o se filia ao Podemos"},"content":{"rendered":"<h4>ANA MARIA CAMPOS<\/h4>\n<p>O presidente do Sindicato dos Policiais Civis do DF (Sinpol-DF), Alex Galv\u00e3o, acertou hoje (31) a filia\u00e7\u00e3o ao Podemos. Ele \u00e9 pr\u00e9-candidato a deputado distrital.<\/p>\n<p>&nbsp;<\/p>\n<p>Galv\u00e3o se reuniu nesta tarde com o presidente regional do Podemos, Cristian Viana, e com o secret\u00e1rio-geral, Luiz Pitiman.<\/p>\n<p>&nbsp;<\/p>\n<p>No Podemos, ele dever\u00e1 integrar o grupo liderado pelo senador Jos\u00e9 Ant\u00f4nio Reguffe (Uni\u00e3o Brasil-DF). \u201cAlex Galv\u00e3o poder\u00e1 fazer uma dobradinha com o General Paulo Chagas, pr\u00e9-candidato do Podemos a deputado federal\u201d, afirma Pitiman.<\/p>\n","protected":false},"excerpt":{"rendered":"<p>ANA MARIA CAMPOS O presidente do Sindicato dos Policiais Civis do DF (Sinpol-DF), Alex Galv\u00e3o, acertou hoje (31) a filia\u00e7\u00e3o ao Podemos. Ele \u00e9 pr\u00e9-candidato a deputado distrital. &nbsp; Galv\u00e3o se reuniu nesta tarde com o presidente regional do Podemos, Cristian Viana, e com o secret\u00e1rio-geral, Luiz Pitiman. &nbsp; No Podemos, ele dever\u00e1 integrar o grupo liderado pelo senador Jos\u00e9 [&hellip;]<\/p>\n","protected":false},"author":9,"featured_media":1211,"comment_status":"open","ping_status":"open","sticky":false,"template":"","format":"standard","meta":{"footnotes":""},"categories":[247],"tags":[450,423,98,240,194,449],"class_list":["post-1210","post","type-post","status-publish","format-standard","has-post-thumbnail","hentry","category-eixo-capital","tag-alex-galvao","tag-luiz-pitiman","tag-podemos","tag-policia-civil-do-df","tag-reguffe","tag-sinpol-df"],"_links":{"self":[{"href":"https:\/\/blogs.correiobraziliense.com.br\/eixocapital\/wp-json\/wp\/v2\/posts\/1210","targetHints":{"allow":["GET"]}}],"collection":[{"href":"https:\/\/blogs.correiobraziliense.com.br\/eixocapital\/wp-json\/wp\/v2\/posts"}],"about":[{"href":"https:\/\/blogs.correiobraziliense.com.br\/eixocapital\/wp-json\/wp\/v2\/types\/post"}],"author":[{"embeddable":true,"href":"https:\/\/blogs.correiobraziliense.com.br\/eixocapital\/wp-json\/wp\/v2\/users\/9"}],"replies":[{"embeddable":true,"href":"https:\/\/blogs.correiobraziliense.com.br\/eixocapital\/wp-json\/wp\/v2\/comments?post=1210"}],"version-history":[{"count":1,"href":"https:\/\/blogs.correiobraziliense.com.br\/eixocapital\/wp-json\/wp\/v2\/posts\/1210\/revisions"}],"predecessor-version":[{"id":1212,"href":"https:\/\/blogs.correiobraziliense.com.br\/eixocapital\/wp-json\/wp\/v2\/posts\/1210\/revisions\/1212"}],"wp:featuredmedia":[{"embeddable":true,"href":"https:\/\/blogs.correiobraziliense.com.br\/eixocapital\/wp-json\/wp\/v2\/media\/1211"}],"wp:attachment":[{"href":"https:\/\/blogs.correiobraziliense.com.br\/eixocapital\/wp-json\/wp\/v2\/media?parent=1210"}],"wp:term":[{"taxonomy":"category","embeddable":true,"href":"https:\/\/blogs.correiobraziliense.com.br\/eixocapital\/wp-json\/wp\/v2\/categories?post=1210"},{"taxonomy":"post_tag","embeddable":true,"href":"https:\/\/blogs.correiobraziliense.com.br\/eixocapital\/wp-json\/wp\/v2\/tags?post=1210"}],"curies":[{"name":"wp","href":"https:\/\/api.w.org\/{rel}","templated":true}]}}