{"id":1191,"date":"2022-03-31T07:28:49","date_gmt":"2022-03-31T10:28:49","guid":{"rendered":"https:\/\/blogs.correiobraziliense.com.br\/eixocapital\/?p=1191"},"modified":"2022-03-31T07:31:20","modified_gmt":"2022-03-31T10:31:20","slug":"ibaneis-quer-candidatura-de-comandante-geral-da-pmdf","status":"publish","type":"post","link":"https:\/\/blogs.correiobraziliense.com.br\/eixocapital\/2022\/03\/31\/ibaneis-quer-candidatura-de-comandante-geral-da-pmdf\/","title":{"rendered":"Ibaneis quer candidatura de comandante-geral da PMDF"},"content":{"rendered":"<h4>ANA MARIA CAMPOS<\/h4>\n<p>O comandante-geral da Pol\u00edcia Militar do DF, Coronel M\u00e1rcio Vasconcelos, foi convidado pelo governador Ibaneis Rocha (MDB) a disputar um mandato de deputado federal nas pr\u00f3ximas elei\u00e7\u00f5es.<\/p>\n<p>&nbsp;<\/p>\n<p>A decis\u00e3o ser\u00e1 tomada hoje (31), porque o oficial ter\u00e1 de se desincompatibilizar do cargo, caso aceite a candidatura.<\/p>\n<p>&nbsp;<\/p>\n<p>O partido ser\u00e1 o MDB, partido de Ibaneis. \u201c\u00c9 um desafio enorme\u201d, disse Vasconcelos ao <strong>Correio<\/strong>.<\/p>\n<p>&nbsp;<\/p>\n<p>O coronel da PMDF est\u00e1 h\u00e1 29 anos na corpora\u00e7\u00e3o e exerceu diversas fun\u00e7\u00f5es de comando. \u00c9 querido e respeitado entre os colegas de farda e tamb\u00e9m entre integrantes das demais for\u00e7as da seguran\u00e7a p\u00fablica do DF.<\/p>\n<p>&nbsp;<\/p>\n<p>A prov\u00e1vel candidatura de Vasconcelos atrapalha as pretens\u00f5es do ex-deputado federal Alberto Fraga (PL), que deseja retornar \u00e0 C\u00e2mara dos Deputados com votos da mesma base que o atual comandante da PM ter\u00e1 que conquistar.<\/p>\n<p>&nbsp;<\/p>\n<p>Vasconcelos \u00e9 respeitoso com o poss\u00edvel advers\u00e1rio de campanha. \u201cFraga \u00e9 um candidato de peso, forte e consolidado no cen\u00e1rio do DF.\u00a0Uma pessoa que eu respeito muito\u201d, diz o Coronel M\u00e1rcio Vasconcelos.<\/p>\n","protected":false},"excerpt":{"rendered":"<p>ANA MARIA CAMPOS O comandante-geral da Pol\u00edcia Militar do DF, Coronel M\u00e1rcio Vasconcelos, foi convidado pelo governador Ibaneis Rocha (MDB) a disputar um mandato de deputado federal nas pr\u00f3ximas elei\u00e7\u00f5es. &nbsp; A decis\u00e3o ser\u00e1 tomada hoje (31), porque o oficial ter\u00e1 de se desincompatibilizar do cargo, caso aceite a candidatura. &nbsp; O partido ser\u00e1 o MDB, partido de Ibaneis. \u201c\u00c9 [&hellip;]<\/p>\n","protected":false},"author":9,"featured_media":1192,"comment_status":"open","ping_status":"open","sticky":false,"template":"","format":"standard","meta":{"footnotes":""},"categories":[1],"tags":[258,441,443,29,6,442,325],"class_list":["post-1191","post","type-post","status-publish","format-standard","has-post-thumbnail","hentry","category-sem-categoria","tag-alberto-fraga","tag-coronel-marcio-vasconcelos","tag-deputado-federal","tag-eleicoes-2022","tag-ibaneis","tag-mdb","tag-pmdf"],"_links":{"self":[{"href":"https:\/\/blogs.correiobraziliense.com.br\/eixocapital\/wp-json\/wp\/v2\/posts\/1191","targetHints":{"allow":["GET"]}}],"collection":[{"href":"https:\/\/blogs.correiobraziliense.com.br\/eixocapital\/wp-json\/wp\/v2\/posts"}],"about":[{"href":"https:\/\/blogs.correiobraziliense.com.br\/eixocapital\/wp-json\/wp\/v2\/types\/post"}],"author":[{"embeddable":true,"href":"https:\/\/blogs.correiobraziliense.com.br\/eixocapital\/wp-json\/wp\/v2\/users\/9"}],"replies":[{"embeddable":true,"href":"https:\/\/blogs.correiobraziliense.com.br\/eixocapital\/wp-json\/wp\/v2\/comments?post=1191"}],"version-history":[{"count":2,"href":"https:\/\/blogs.correiobraziliense.com.br\/eixocapital\/wp-json\/wp\/v2\/posts\/1191\/revisions"}],"predecessor-version":[{"id":1194,"href":"https:\/\/blogs.correiobraziliense.com.br\/eixocapital\/wp-json\/wp\/v2\/posts\/1191\/revisions\/1194"}],"wp:featuredmedia":[{"embeddable":true,"href":"https:\/\/blogs.correiobraziliense.com.br\/eixocapital\/wp-json\/wp\/v2\/media\/1192"}],"wp:attachment":[{"href":"https:\/\/blogs.correiobraziliense.com.br\/eixocapital\/wp-json\/wp\/v2\/media?parent=1191"}],"wp:term":[{"taxonomy":"category","embeddable":true,"href":"https:\/\/blogs.correiobraziliense.com.br\/eixocapital\/wp-json\/wp\/v2\/categories?post=1191"},{"taxonomy":"post_tag","embeddable":true,"href":"https:\/\/blogs.correiobraziliense.com.br\/eixocapital\/wp-json\/wp\/v2\/tags?post=1191"}],"curies":[{"name":"wp","href":"https:\/\/api.w.org\/{rel}","templated":true}]}}