{"id":1187,"date":"2022-03-30T19:18:51","date_gmt":"2022-03-30T22:18:51","guid":{"rendered":"https:\/\/blogs.correiobraziliense.com.br\/eixocapital\/?p=1187"},"modified":"2022-03-30T19:20:08","modified_gmt":"2022-03-30T22:20:08","slug":"t-reguffe-e-izalci-defendem-uniao-nas-eleicoes","status":"publish","type":"post","link":"https:\/\/blogs.correiobraziliense.com.br\/eixocapital\/2022\/03\/30\/t-reguffe-e-izalci-defendem-uniao-nas-eleicoes\/","title":{"rendered":"Na filia\u00e7\u00e3o de Leila ao PDT, Reguffe e Izalci defendem uni\u00e3o nas elei\u00e7\u00f5es"},"content":{"rendered":"<h4>ANA MARIA CAMPOS<\/h4>\n<p>A filia\u00e7\u00e3o da senadora Leila Barros (DF) ao PDT nesta tarde (30) foi marcada por um discurso emocionado em que a ex-atleta ol\u00edmpica se referiu ao trabalho em equipe, \u00e0 parceria e ao companheirismo como valores fundamentais na pol\u00edtica. Leila chega ao partido como prov\u00e1vel candidata ao Pal\u00e1cio do Buriti.<\/p>\n<p>&nbsp;<\/p>\n<p>Leila citou o marido, o atleta Emanuel, e embargou a voz ao se referir ao filho, Lucas, que a leva a se dividir entre os compromissos de m\u00e3e e de senadora. A parlamentar estava cercada de amigos, assessores e aliados.<\/p>\n<p>&nbsp;<\/p>\n<p>Os dois colegas da bancada do DF no Senado, Jos\u00e9 Ant\u00f4nio Reguffe (Uni\u00e3o Brasil) e Izalci Lucas (PSDB), potenciais candidatos ao GDF, prestigiaram o ato.<\/p>\n<p>&nbsp;<\/p>\n<p>Tamb\u00e9m estiveram no evento os deputados federais Paula Belmonte (Cidadania-DF) e Professor Israel Batista, que deve migrar para o PSB, al\u00e9m de pedetistas como Joe Valle e Peniel Pacheco.<\/p>\n<p>&nbsp;<\/p>\n<p>O presidente nacional do PDT, Carlos Lupi, anunciou as pretens\u00f5es do partido: \u201cEu quero voc\u00ea como candidata a governadora. \u00c9 hora de uma mulher de fibra, preparada e inteligente assumir o GDF. \u00c9 uma voz feminina no Buriti que essa cidade precisa. A pol\u00edtica se faz de desafios e para quem acredita nos seus objetivos. A Leila entra para ser protagonista da hist\u00f3ria\u201d.<\/p>\n<p>&nbsp;<\/p>\n<p>Lupi acrescentou: \u201cVoc\u00ea tem carta branca. Voc\u00ea \u00e9 dona do seu pr\u00f3prio destino. Se depender de n\u00f3s, ser\u00e1 candidata ao GDF para ganhar\u201d.<\/p>\n<p>&nbsp;<\/p>\n<p>Reguffe fez um discurso em defesa da unidade: \u201cA nossa amizade est\u00e1 acima da pol\u00edtica. Na pol\u00edtica n\u00f3s estaremos juntos e vamos construir juntos um projeto para o Distrito Federal e isso est\u00e1 acima de qualquer coisa. E foi o amor por Bras\u00edlia que nos trouxe aonde estamos. De minha parte, podem ter certeza, serei um colaborador da constru\u00e7\u00e3o de uma frente ampla pelo DF\u201d.<\/p>\n<p>&nbsp;<\/p>\n<p>Izalci seguiu no mesmo tom: \u201cA Leila \u00e9 uma supresa positiva na pol\u00edtica. E o Reguffe disse muito bem, para tirar o DF dessa situa\u00e7\u00e3o precisamos de uma frente ampla e o compromisso de estarmos juntos. Acima dos interesses partid\u00e1rios e pessoas est\u00e1 Bras\u00edlia. E n\u00f3s estaremos juntos para tirar a cidade desse estado de calamidade.\u201d<\/p>\n<p>&nbsp;<\/p>\n","protected":false},"excerpt":{"rendered":"<p>ANA MARIA CAMPOS A filia\u00e7\u00e3o da senadora Leila Barros (DF) ao PDT nesta tarde (30) foi marcada por um discurso emocionado em que a ex-atleta ol\u00edmpica se referiu ao trabalho em equipe, \u00e0 parceria e ao companheirismo como valores fundamentais na pol\u00edtica. Leila chega ao partido como prov\u00e1vel candidata ao Pal\u00e1cio do Buriti. &nbsp; Leila citou o marido, o atleta [&hellip;]<\/p>\n","protected":false},"author":9,"featured_media":1188,"comment_status":"open","ping_status":"open","sticky":false,"template":"","format":"standard","meta":{"footnotes":""},"categories":[1],"tags":[292,29,361,440,136,290,104],"class_list":["post-1187","post","type-post","status-publish","format-standard","has-post-thumbnail","hentry","category-sem-categoria","tag-carlos-lupi","tag-eleicoes-2022","tag-gdf","tag-izalci","tag-jose-antonio-reguffe","tag-leila-barros","tag-pdt"],"_links":{"self":[{"href":"https:\/\/blogs.correiobraziliense.com.br\/eixocapital\/wp-json\/wp\/v2\/posts\/1187","targetHints":{"allow":["GET"]}}],"collection":[{"href":"https:\/\/blogs.correiobraziliense.com.br\/eixocapital\/wp-json\/wp\/v2\/posts"}],"about":[{"href":"https:\/\/blogs.correiobraziliense.com.br\/eixocapital\/wp-json\/wp\/v2\/types\/post"}],"author":[{"embeddable":true,"href":"https:\/\/blogs.correiobraziliense.com.br\/eixocapital\/wp-json\/wp\/v2\/users\/9"}],"replies":[{"embeddable":true,"href":"https:\/\/blogs.correiobraziliense.com.br\/eixocapital\/wp-json\/wp\/v2\/comments?post=1187"}],"version-history":[{"count":2,"href":"https:\/\/blogs.correiobraziliense.com.br\/eixocapital\/wp-json\/wp\/v2\/posts\/1187\/revisions"}],"predecessor-version":[{"id":1190,"href":"https:\/\/blogs.correiobraziliense.com.br\/eixocapital\/wp-json\/wp\/v2\/posts\/1187\/revisions\/1190"}],"wp:featuredmedia":[{"embeddable":true,"href":"https:\/\/blogs.correiobraziliense.com.br\/eixocapital\/wp-json\/wp\/v2\/media\/1188"}],"wp:attachment":[{"href":"https:\/\/blogs.correiobraziliense.com.br\/eixocapital\/wp-json\/wp\/v2\/media?parent=1187"}],"wp:term":[{"taxonomy":"category","embeddable":true,"href":"https:\/\/blogs.correiobraziliense.com.br\/eixocapital\/wp-json\/wp\/v2\/categories?post=1187"},{"taxonomy":"post_tag","embeddable":true,"href":"https:\/\/blogs.correiobraziliense.com.br\/eixocapital\/wp-json\/wp\/v2\/tags?post=1187"}],"curies":[{"name":"wp","href":"https:\/\/api.w.org\/{rel}","templated":true}]}}