{"id":1182,"date":"2022-03-30T17:38:32","date_gmt":"2022-03-30T20:38:32","guid":{"rendered":"https:\/\/blogs.correiobraziliense.com.br\/eixocapital\/?p=1182"},"modified":"2022-03-30T17:40:57","modified_gmt":"2022-03-30T20:40:57","slug":"daniel-de-castro-ex-administrador-de-vicente-pires-sai-do-psc-e-vai-para-o-pp","status":"publish","type":"post","link":"https:\/\/blogs.correiobraziliense.com.br\/eixocapital\/2022\/03\/30\/daniel-de-castro-ex-administrador-de-vicente-pires-sai-do-psc-e-vai-para-o-pp\/","title":{"rendered":"Daniel de Castro, ex-administrador de Vicente Pires sai do PSC e vai para o PP"},"content":{"rendered":"<h4>ANA ISABEL MANSUR<\/h4>\n<p>Daniel de Castro, que foi administrador de Vicente Pires at\u00e9 a semana passada, saiu do PSC nesta quarta-feira (30\/3), para se juntar ao PP, conforme informou ao <strong>Correio<\/strong>. Ele ficou na administra\u00e7\u00e3o da cidade por tr\u00eas anos.<\/p>\n<p>&nbsp;<\/p>\n<p>De acordo com o pr\u00e9-candidato a distrital, o convite para a nova agremia\u00e7\u00e3o partiu da deputada federal Celina Le\u00e3o (PP-DF), presidente regional do partido. Os dois congregam juntos na Assembleia de Deus de Taguatinga (ADTAG).<\/p>\n<p>&nbsp;<\/p>\n<p>&#8220;Mantive parceria com a deputada Celina. \u00c9 um projeto da pr\u00f3pria igreja. Ela\u00a0deve sair para federal. Estou em processo pr\u00e9-eleitoral, vivo hoje de reuni\u00f5es. Venho de uma vota\u00e7\u00e3o forte, foram 11.510 votos em 2018&#8221;, diz.<\/p>\n<p>&nbsp;<\/p>\n<p>Daniel \u00e9 suplente do deputado Iolando Almeida (PSC) e chegou a assumir como distrital na C\u00e2mara Legislativa do DF por 28 dias, em 2019, quando Iolando ocupou cargo de secretaria no Governo do Distrito Federal.<\/p>\n<p>&nbsp;<\/p>\n<p><strong>Foto:\u00a0Ed Alves\/CB\/D.A Press<\/strong><\/p>\n","protected":false},"excerpt":{"rendered":"<p>ANA ISABEL MANSUR Daniel de Castro, que foi administrador de Vicente Pires at\u00e9 a semana passada, saiu do PSC nesta quarta-feira (30\/3), para se juntar ao PP, conforme informou ao Correio. Ele ficou na administra\u00e7\u00e3o da cidade por tr\u00eas anos. &nbsp; De acordo com o pr\u00e9-candidato a distrital, o convite para a nova agremia\u00e7\u00e3o partiu da deputada federal Celina Le\u00e3o [&hellip;]<\/p>\n","protected":false},"author":9,"featured_media":1183,"comment_status":"open","ping_status":"open","sticky":false,"template":"","format":"standard","meta":{"footnotes":""},"categories":[1],"tags":[329,438,384,439,412],"class_list":["post-1182","post","type-post","status-publish","format-standard","has-post-thumbnail","hentry","category-sem-categoria","tag-celina-leao","tag-daniel-de-castro","tag-pp","tag-psc","tag-vicente-pires"],"_links":{"self":[{"href":"https:\/\/blogs.correiobraziliense.com.br\/eixocapital\/wp-json\/wp\/v2\/posts\/1182","targetHints":{"allow":["GET"]}}],"collection":[{"href":"https:\/\/blogs.correiobraziliense.com.br\/eixocapital\/wp-json\/wp\/v2\/posts"}],"about":[{"href":"https:\/\/blogs.correiobraziliense.com.br\/eixocapital\/wp-json\/wp\/v2\/types\/post"}],"author":[{"embeddable":true,"href":"https:\/\/blogs.correiobraziliense.com.br\/eixocapital\/wp-json\/wp\/v2\/users\/9"}],"replies":[{"embeddable":true,"href":"https:\/\/blogs.correiobraziliense.com.br\/eixocapital\/wp-json\/wp\/v2\/comments?post=1182"}],"version-history":[{"count":3,"href":"https:\/\/blogs.correiobraziliense.com.br\/eixocapital\/wp-json\/wp\/v2\/posts\/1182\/revisions"}],"predecessor-version":[{"id":1186,"href":"https:\/\/blogs.correiobraziliense.com.br\/eixocapital\/wp-json\/wp\/v2\/posts\/1182\/revisions\/1186"}],"wp:featuredmedia":[{"embeddable":true,"href":"https:\/\/blogs.correiobraziliense.com.br\/eixocapital\/wp-json\/wp\/v2\/media\/1183"}],"wp:attachment":[{"href":"https:\/\/blogs.correiobraziliense.com.br\/eixocapital\/wp-json\/wp\/v2\/media?parent=1182"}],"wp:term":[{"taxonomy":"category","embeddable":true,"href":"https:\/\/blogs.correiobraziliense.com.br\/eixocapital\/wp-json\/wp\/v2\/categories?post=1182"},{"taxonomy":"post_tag","embeddable":true,"href":"https:\/\/blogs.correiobraziliense.com.br\/eixocapital\/wp-json\/wp\/v2\/tags?post=1182"}],"curies":[{"name":"wp","href":"https:\/\/api.w.org\/{rel}","templated":true}]}}