{"id":1174,"date":"2022-03-30T16:54:29","date_gmt":"2022-03-30T19:54:29","guid":{"rendered":"https:\/\/blogs.correiobraziliense.com.br\/eixocapital\/?p=1174"},"modified":"2022-03-30T16:58:37","modified_gmt":"2022-03-30T19:58:37","slug":"lula-quer-palanque-forte-e-unido-no-df","status":"publish","type":"post","link":"https:\/\/blogs.correiobraziliense.com.br\/eixocapital\/2022\/03\/30\/lula-quer-palanque-forte-e-unido-no-df\/","title":{"rendered":"Lula quer palanque forte e unido no DF"},"content":{"rendered":"<h4>ANA MARIA CAMPOS<\/h4>\n<p>Em encontro com o ex-deputado Geraldo Magela (PT), o ex-presidente Lula disse que vir\u00e1 a Bras\u00edlia para organizar sua campanha no Distrito Federal para a disputa presidencial.<\/p>\n<p>&nbsp;<\/p>\n<p>Lula afirmou que precisa de um palanque forte na capital do pa\u00eds. Ele vir\u00e1 a Bras\u00edlia nas pr\u00f3ximas semanas para dialogar com os petistas do DF. Quer a uni\u00e3o do partido. \u201cFoi uma conversa excelente\u201d, contou Magela.<\/p>\n<p>&nbsp;<\/p>\n<p>O PT lan\u00e7ou no \u00faltimo fim de semana a pr\u00e9-candidatura da diretora do Sindicato dos Professores (Sinpro) Rosilene Corr\u00eaa ao Pal\u00e1cio do Buriti. Mas a iniciativa foi desautorizada pela dire\u00e7\u00e3o nacional do partido que quer analisar o cen\u00e1rio para tomar uma decis\u00e3o sobre candidatura no DF em sintonia com os arranjos nacionais.<\/p>\n<p>&nbsp;<\/p>\n<p>Magela tamb\u00e9m quer concorrer. Mas n\u00e3o tem maioria no diret\u00f3rio regional para aprovar seu nome. Ele aproveitou um semin\u00e1rio no Rio de Janeiro, na UERJ, com a Funda\u00e7\u00e3o Perseu Abramo, para uma conversa reservada com Lula. Magela sabe que a palavra final \u00e9 dele.<\/p>\n<p>&nbsp;<\/p>\n<p>O ex-deputado federal do DF \u00e9 diretor\u00a0de Coopera\u00e7\u00e3o Internacional da Funda\u00e7\u00e3o Perseu Abramo e participou tamb\u00e9m de uma reuni\u00e3o de Lula com a vice-presidente da Espanha,\u00a0Yolanda D\u00edaz.<\/p>\n<p>&nbsp;<\/p>\n<p>Al\u00e9m de Rosilene e Magela, buscam apoio do PT para a disputa ao governo do DF os pr\u00e9-candidatos Rafael Parente (PSB) e Leandro Grass (PV).<\/p>\n<p>&nbsp;<\/p>\n<p>Parente integra o partido que indicar\u00e1 o vice de Lula, Geraldo Alckmin. Grass \u00e9 do PV que integrar\u00e1 federa\u00e7\u00e3o com o PT e com o PCdoB.<\/p>\n<p>&nbsp;<\/p>\n<p>Na distribui\u00e7\u00e3o de espa\u00e7os entre os aliados, a candidatura de Leandro Grass \u00e9 prioridade para o PV.<\/p>\n<p>&nbsp;<\/p>\n<p><strong>Foto: Divulga\u00e7\u00e3o\/Lula\/Ricardo Stuckert<\/strong><\/p>\n","protected":false},"excerpt":{"rendered":"<p>ANA MARIA CAMPOS Em encontro com o ex-deputado Geraldo Magela (PT), o ex-presidente Lula disse que vir\u00e1 a Bras\u00edlia para organizar sua campanha no Distrito Federal para a disputa presidencial. &nbsp; Lula afirmou que precisa de um palanque forte na capital do pa\u00eds. Ele vir\u00e1 a Bras\u00edlia nas pr\u00f3ximas semanas para dialogar com os petistas do DF. Quer a uni\u00e3o [&hellip;]<\/p>\n","protected":false},"author":9,"featured_media":1175,"comment_status":"open","ping_status":"open","sticky":false,"template":"","format":"standard","meta":{"footnotes":""},"categories":[247],"tags":[29,99,160,433,76,74],"class_list":["post-1174","post","type-post","status-publish","format-standard","has-post-thumbnail","hentry","category-eixo-capital","tag-eleicoes-2022","tag-geraldo-magela","tag-leandro-grass","tag-lula","tag-pt","tag-rafael-parente"],"_links":{"self":[{"href":"https:\/\/blogs.correiobraziliense.com.br\/eixocapital\/wp-json\/wp\/v2\/posts\/1174","targetHints":{"allow":["GET"]}}],"collection":[{"href":"https:\/\/blogs.correiobraziliense.com.br\/eixocapital\/wp-json\/wp\/v2\/posts"}],"about":[{"href":"https:\/\/blogs.correiobraziliense.com.br\/eixocapital\/wp-json\/wp\/v2\/types\/post"}],"author":[{"embeddable":true,"href":"https:\/\/blogs.correiobraziliense.com.br\/eixocapital\/wp-json\/wp\/v2\/users\/9"}],"replies":[{"embeddable":true,"href":"https:\/\/blogs.correiobraziliense.com.br\/eixocapital\/wp-json\/wp\/v2\/comments?post=1174"}],"version-history":[{"count":3,"href":"https:\/\/blogs.correiobraziliense.com.br\/eixocapital\/wp-json\/wp\/v2\/posts\/1174\/revisions"}],"predecessor-version":[{"id":1178,"href":"https:\/\/blogs.correiobraziliense.com.br\/eixocapital\/wp-json\/wp\/v2\/posts\/1174\/revisions\/1178"}],"wp:featuredmedia":[{"embeddable":true,"href":"https:\/\/blogs.correiobraziliense.com.br\/eixocapital\/wp-json\/wp\/v2\/media\/1175"}],"wp:attachment":[{"href":"https:\/\/blogs.correiobraziliense.com.br\/eixocapital\/wp-json\/wp\/v2\/media?parent=1174"}],"wp:term":[{"taxonomy":"category","embeddable":true,"href":"https:\/\/blogs.correiobraziliense.com.br\/eixocapital\/wp-json\/wp\/v2\/categories?post=1174"},{"taxonomy":"post_tag","embeddable":true,"href":"https:\/\/blogs.correiobraziliense.com.br\/eixocapital\/wp-json\/wp\/v2\/tags?post=1174"}],"curies":[{"name":"wp","href":"https:\/\/api.w.org\/{rel}","templated":true}]}}