{"id":1170,"date":"2022-03-30T15:08:24","date_gmt":"2022-03-30T18:08:24","guid":{"rendered":"https:\/\/blogs.correiobraziliense.com.br\/eixocapital\/?p=1170"},"modified":"2022-03-30T15:08:24","modified_gmt":"2022-03-30T18:08:24","slug":"paula-belmonte-acerta-permanencia-no-cidadania-para-concorrer-ao-senado","status":"publish","type":"post","link":"https:\/\/blogs.correiobraziliense.com.br\/eixocapital\/2022\/03\/30\/paula-belmonte-acerta-permanencia-no-cidadania-para-concorrer-ao-senado\/","title":{"rendered":"Paula Belmonte acerta perman\u00eancia no Cidadania para concorrer ao Senado"},"content":{"rendered":"<h4>ANA MARIA CAMPOS<\/h4>\n<p>A deputada federal Paula Belmonte (DF) acertou a perman\u00eancia no Cidadania nas elei\u00e7\u00f5es deste ano. O acordo, fechado com o presidente nacional, Roberto Freire, prev\u00ea liberdade para Paula definir sua participa\u00e7\u00e3o na disputa em cargo majorit\u00e1rio.<\/p>\n<p>&nbsp;<\/p>\n<p>Paula quer ser candidata ao Senado em alian\u00e7a com o senador Jos\u00e9 Ant\u00f4nio Reguffe (Uni\u00e3o Brasil-DF). \u201c\u00c9 com muita honra e entusiasmo que, com o apoio da dire\u00e7\u00e3o nacional, permane\u00e7o no Cidadania para lan\u00e7ar minha pr\u00e9-candidatura ao Senado e fazer parte de um grupo, com o senador Reguffe \u00e0 frente, na disputa pelo GDF, que vai resgatar Bras\u00edlia e tratar nossa popula\u00e7\u00e3o com respeito e dignidade\u201d, disse Paula Belmonte ao <b>Correio<\/b>.<\/p>\n<p>&nbsp;<\/p>\n<p>O Cidadania fechou uma federa\u00e7\u00e3o com o PSDB e a alian\u00e7a prev\u00ea, em ata, qual partido ter\u00e1 o protagonismo em cada unidade da federa\u00e7\u00e3o. Pelo acordo, o estado que tiver reunido mais votos para deputado federal em 2018 ter\u00e1 essa prerrogativa.<\/p>\n<p>&nbsp;<\/p>\n<p>No caso do Distrito Federal, o Cidadania tem essa vantagem. Por isso, Paula Belmonte, que dever\u00e1 assumir a presid\u00eancia do partido e tem trabalhado na constru\u00e7\u00e3o de um grupo em torno da candidatura de Reguffe ao governo, poder\u00e1 optar pelo Senado.<\/p>\n<p>&nbsp;<\/p>\n<p>Paula esteve ontem (29) com Freire e com o ex-senador Cristovam Buarque (Cidadania-DF), para consolidar seu projeto. A decis\u00e3o final, no entanto, ser\u00e1 sacramentada nas conven\u00e7\u00f5es partid\u00e1rias no fim de julho.<\/p>\n<p><img loading=\"lazy\" decoding=\"async\" class=\"aligncenter size-medium wp-image-1172\" src=\"https:\/\/blogs.correiobraziliense.com.br\/eixocapital\/wp-content\/uploads\/sites\/61\/2022\/03\/4F35A359-33B0-4A39-BE16-EF83347DBF72-300x200.jpeg\" alt=\"\" width=\"300\" height=\"200\" \/><\/p>\n<p><strong>E Izalci?<\/strong><\/p>\n<p>Esse arranjo atropela a pr\u00e9-candidatura do senador Izalci Lucas (PSDB-DF) ao Pal\u00e1cio do Buriti. Ele afirma que estar\u00e1 com Paula e com Reguffe nas elei\u00e7\u00f5es, mas a distribui\u00e7\u00e3o dos cargos na chapa ainda ser\u00e1 definida. \u201cTemos at\u00e9 as conven\u00e7\u00f5es, no fim de julho, come\u00e7o de agosto, para escolher quem ser\u00e1 o qu\u00ea\u201d, diz o tucano. \u201cMas estaremos juntos\u201d, acredita.<\/p>\n<p>&nbsp;<\/p>\n<p><strong>Fotos: Divulga\u00e7\u00e3o\/Cadu Gomes<\/strong><\/p>\n","protected":false},"excerpt":{"rendered":"<p>ANA MARIA CAMPOS A deputada federal Paula Belmonte (DF) acertou a perman\u00eancia no Cidadania nas elei\u00e7\u00f5es deste ano. O acordo, fechado com o presidente nacional, Roberto Freire, prev\u00ea liberdade para Paula definir sua participa\u00e7\u00e3o na disputa em cargo majorit\u00e1rio. &nbsp; Paula quer ser candidata ao Senado em alian\u00e7a com o senador Jos\u00e9 Ant\u00f4nio Reguffe (Uni\u00e3o Brasil-DF). \u201c\u00c9 com muita honra [&hellip;]<\/p>\n","protected":false},"author":9,"featured_media":1171,"comment_status":"open","ping_status":"open","sticky":false,"template":"","format":"standard","meta":{"footnotes":""},"categories":[1],"tags":[291,96,29,60,139,194,432,61],"class_list":["post-1170","post","type-post","status-publish","format-standard","has-post-thumbnail","hentry","category-sem-categoria","tag-cidadania","tag-cristovam-buarque","tag-eleicoes-2022","tag-izalci-lucas","tag-paula-belmonte","tag-reguffe","tag-roberto-freire","tag-senado"],"_links":{"self":[{"href":"https:\/\/blogs.correiobraziliense.com.br\/eixocapital\/wp-json\/wp\/v2\/posts\/1170","targetHints":{"allow":["GET"]}}],"collection":[{"href":"https:\/\/blogs.correiobraziliense.com.br\/eixocapital\/wp-json\/wp\/v2\/posts"}],"about":[{"href":"https:\/\/blogs.correiobraziliense.com.br\/eixocapital\/wp-json\/wp\/v2\/types\/post"}],"author":[{"embeddable":true,"href":"https:\/\/blogs.correiobraziliense.com.br\/eixocapital\/wp-json\/wp\/v2\/users\/9"}],"replies":[{"embeddable":true,"href":"https:\/\/blogs.correiobraziliense.com.br\/eixocapital\/wp-json\/wp\/v2\/comments?post=1170"}],"version-history":[{"count":1,"href":"https:\/\/blogs.correiobraziliense.com.br\/eixocapital\/wp-json\/wp\/v2\/posts\/1170\/revisions"}],"predecessor-version":[{"id":1173,"href":"https:\/\/blogs.correiobraziliense.com.br\/eixocapital\/wp-json\/wp\/v2\/posts\/1170\/revisions\/1173"}],"wp:featuredmedia":[{"embeddable":true,"href":"https:\/\/blogs.correiobraziliense.com.br\/eixocapital\/wp-json\/wp\/v2\/media\/1171"}],"wp:attachment":[{"href":"https:\/\/blogs.correiobraziliense.com.br\/eixocapital\/wp-json\/wp\/v2\/media?parent=1170"}],"wp:term":[{"taxonomy":"category","embeddable":true,"href":"https:\/\/blogs.correiobraziliense.com.br\/eixocapital\/wp-json\/wp\/v2\/categories?post=1170"},{"taxonomy":"post_tag","embeddable":true,"href":"https:\/\/blogs.correiobraziliense.com.br\/eixocapital\/wp-json\/wp\/v2\/tags?post=1170"}],"curies":[{"name":"wp","href":"https:\/\/api.w.org\/{rel}","templated":true}]}}