{"id":1167,"date":"2022-03-30T13:06:01","date_gmt":"2022-03-30T16:06:01","guid":{"rendered":"https:\/\/blogs.correiobraziliense.com.br\/eixocapital\/?p=1167"},"modified":"2022-03-30T13:06:01","modified_gmt":"2022-03-30T16:06:01","slug":"psd-recebe-novas-filiacoes-para-as-eleicoes","status":"publish","type":"post","link":"https:\/\/blogs.correiobraziliense.com.br\/eixocapital\/2022\/03\/30\/psd-recebe-novas-filiacoes-para-as-eleicoes\/","title":{"rendered":"PSD recebe novas filia\u00e7\u00f5es para as elei\u00e7\u00f5es"},"content":{"rendered":"<h4 style=\"text-align: left\">ANA MARIA CAMPOS<\/h4>\n<p>O PSD, presidido no DF pelo empres\u00e1rio Paulo Oct\u00e1vio, recebe em solenidade nesta tarde (30) novos filiados. Entre os que assinam a ficha, est\u00e3o os deputados Cl\u00e1udio Abrantes e Jorge Vianna, o ex-deputado Al\u00edrio Neto e o presidente da Ceasa, F\u00e1bio Sousa.<\/p>\n<p>&nbsp;<\/p>\n<p>A solenidade vai contar com a presen\u00e7a do presidente nacional do PSD, Gilberto Kassab.<\/p>\n<p>&nbsp;<\/p>\n<p>Abrantes deixa o PDT e deve concorrer a novo mandato de deputado distrital. Vianna saiu do Podemos, com a mesma pretens\u00e3o.<\/p>\n<p>&nbsp;<\/p>\n<p>Al\u00edrio ainda n\u00e3o decidiu se concorrer\u00e1 a deputado distrital ou federal. J\u00e1 F\u00e1bio Sousa deve repetir a candidatura \u00e0 C\u00e2mara Legislativa.<\/p>\n","protected":false},"excerpt":{"rendered":"<p>ANA MARIA CAMPOS O PSD, presidido no DF pelo empres\u00e1rio Paulo Oct\u00e1vio, recebe em solenidade nesta tarde (30) novos filiados. Entre os que assinam a ficha, est\u00e3o os deputados Cl\u00e1udio Abrantes e Jorge Vianna, o ex-deputado Al\u00edrio Neto e o presidente da Ceasa, F\u00e1bio Sousa. &nbsp; A solenidade vai contar com a presen\u00e7a do presidente nacional do PSD, Gilberto Kassab. [&hellip;]<\/p>\n","protected":false},"author":9,"featured_media":1169,"comment_status":"open","ping_status":"open","sticky":false,"template":"","format":"standard","meta":{"footnotes":""},"categories":[1],"tags":[422,421,181,28],"class_list":["post-1167","post","type-post","status-publish","format-standard","has-post-thumbnail","hentry","category-sem-categoria","tag-alirio-neto","tag-claudio-abrantes","tag-paulo-octavio","tag-psd"],"_links":{"self":[{"href":"https:\/\/blogs.correiobraziliense.com.br\/eixocapital\/wp-json\/wp\/v2\/posts\/1167","targetHints":{"allow":["GET"]}}],"collection":[{"href":"https:\/\/blogs.correiobraziliense.com.br\/eixocapital\/wp-json\/wp\/v2\/posts"}],"about":[{"href":"https:\/\/blogs.correiobraziliense.com.br\/eixocapital\/wp-json\/wp\/v2\/types\/post"}],"author":[{"embeddable":true,"href":"https:\/\/blogs.correiobraziliense.com.br\/eixocapital\/wp-json\/wp\/v2\/users\/9"}],"replies":[{"embeddable":true,"href":"https:\/\/blogs.correiobraziliense.com.br\/eixocapital\/wp-json\/wp\/v2\/comments?post=1167"}],"version-history":[{"count":1,"href":"https:\/\/blogs.correiobraziliense.com.br\/eixocapital\/wp-json\/wp\/v2\/posts\/1167\/revisions"}],"predecessor-version":[{"id":1168,"href":"https:\/\/blogs.correiobraziliense.com.br\/eixocapital\/wp-json\/wp\/v2\/posts\/1167\/revisions\/1168"}],"wp:featuredmedia":[{"embeddable":true,"href":"https:\/\/blogs.correiobraziliense.com.br\/eixocapital\/wp-json\/wp\/v2\/media\/1169"}],"wp:attachment":[{"href":"https:\/\/blogs.correiobraziliense.com.br\/eixocapital\/wp-json\/wp\/v2\/media?parent=1167"}],"wp:term":[{"taxonomy":"category","embeddable":true,"href":"https:\/\/blogs.correiobraziliense.com.br\/eixocapital\/wp-json\/wp\/v2\/categories?post=1167"},{"taxonomy":"post_tag","embeddable":true,"href":"https:\/\/blogs.correiobraziliense.com.br\/eixocapital\/wp-json\/wp\/v2\/tags?post=1167"}],"curies":[{"name":"wp","href":"https:\/\/api.w.org\/{rel}","templated":true}]}}